{"id":4703,"date":"2024-07-18T16:13:22","date_gmt":"2024-07-18T19:13:22","guid":{"rendered":"https:\/\/partediario.com.ar\/?p=4703"},"modified":"2024-07-18T16:13:23","modified_gmt":"2024-07-18T19:13:23","slug":"rosario-romero-recibio-a-jose-lauritto-parana-y-establecen-colaboracion-reciproca-en-temas-de-gestion","status":"publish","type":"post","link":"https:\/\/partediario.com.ar\/?p=4703","title":{"rendered":"Rosario Romero recibi\u00f3 a Jos\u00e9 Lauritto Paran\u00e1 y establecen colaboraci\u00f3n rec\u00edproca en temas de gesti\u00f3n"},"content":{"rendered":"\n<p><strong>La intendenta Rosario Romero recibi\u00f3 al intendente de Concepci\u00f3n del Uruguay, Jos\u00e9 Lauritto. Establecieron una colaboraci\u00f3n rec\u00edproca en temas de gesti\u00f3n. La reuni\u00f3n se desarroll\u00f3 en el Palacio Municipal de Paran\u00e1.<\/strong><\/p>\n\n\n\n<p>\u201cIntercambiamos experiencias respecto a servicios p\u00fablicos y otros aspectos vinculados a las dos ciudades. Vamos a establecer una colaboraci\u00f3n rec\u00edproca, la experiencia del otro siempre nos enriquece\u201d, valor\u00f3 la intendenta de Paran\u00e1, Rosario Romero.<\/p>\n\n\n\n<p>Jos\u00e9 Lauritto, por su parte, expres\u00f3: \u201cLos municipios de Paran\u00e1 y de Concepci\u00f3n del Uruguay trabajamos algunos temas en conjunto. Uno de ellos es la iluminaci\u00f3n, nosotros estamos en un esquema led para nuestra ciudad y queremos conocer el trabajo que hace Paran\u00e1. Quiero agradecerle a Rosario Romero que nos haya abierto las puertas\u201d, detall\u00f3.<\/p>\n\n\n\n<p>La semana pr\u00f3xima Rosario Romero visitar\u00e1 Concepci\u00f3n del Uruguay, donde ser\u00e1 recibida en la reuni\u00f3n de gabinete de ese municipio para contar distintos aspectos de la gesti\u00f3n en Paran\u00e1.<\/p>\n\n\n\n<p>Fue parte del encuentro el secretario de Servicios P\u00fablicos, Juli\u00e1n Hirschfeld, el director general de Servicios P\u00fablicos, Kevin Bolz\u00e1n, y el coordinador de Comunicaci\u00f3n Ciudadana de la Municipalidad de Concepci\u00f3n del Uruguay, Antonio Bachmann.<\/p>\n","protected":false},"excerpt":{"rendered":"<p>La intendenta Rosario Romero recibi&oacute; al intendente de Concepci&oacute;n del Uruguay, Jos&eacute; Lauritto. Establecieron una colaboraci&oacute;n rec&iacute;proca en temas de gesti&oacute;n. La reuni&oacute;n se desarroll&oacute; en el Palacio Municipal de Paran&aacute;. &ldquo;Intercambiamos experiencias respecto a servicios p&uacute;blicos y otros aspectos vinculados a las dos ciudades. Vamos a establecer una colaboraci&oacute;n rec&iacute;proca, la experiencia del otro [&hellip;]<\/p>\n","protected":false},"author":2,"featured_media":4704,"comment_status":"open","ping_status":"open","sticky":false,"template":"","format":"standard","meta":{"footnotes":""},"categories":[6,176],"tags":[1870,1868,719,1869,265,242],"class_list":["post-4703","post","type-post","status-publish","format-standard","has-post-thumbnail","hentry","category-locales","category-politica","tag-antonio-bachmann","tag-jose-lauritto","tag-julian-hirschfeld","tag-kevin-bolzan","tag-parana","tag-rosario-romero"],"_links":{"self":[{"href":"https:\/\/partediario.com.ar\/index.php?rest_route=\/wp\/v2\/posts\/4703","targetHints":{"allow":["GET"]}}],"collection":[{"href":"https:\/\/partediario.com.ar\/index.php?rest_route=\/wp\/v2\/posts"}],"about":[{"href":"https:\/\/partediario.com.ar\/index.php?rest_route=\/wp\/v2\/types\/post"}],"author":[{"embeddable":true,"href":"https:\/\/partediario.com.ar\/index.php?rest_route=\/wp\/v2\/users\/2"}],"replies":[{"embeddable":true,"href":"https:\/\/partediario.com.ar\/index.php?rest_route=%2Fwp%2Fv2%2Fcomments&post=4703"}],"version-history":[{"count":1,"href":"https:\/\/partediario.com.ar\/index.php?rest_route=\/wp\/v2\/posts\/4703\/revisions"}],"predecessor-version":[{"id":4705,"href":"https:\/\/partediario.com.ar\/index.php?rest_route=\/wp\/v2\/posts\/4703\/revisions\/4705"}],"wp:featuredmedia":[{"embeddable":true,"href":"https:\/\/partediario.com.ar\/index.php?rest_route=\/wp\/v2\/media\/4704"}],"wp:attachment":[{"href":"https:\/\/partediario.com.ar\/index.php?rest_route=%2Fwp%2Fv2%2Fmedia&parent=4703"}],"wp:term":[{"taxonomy":"category","embeddable":true,"href":"https:\/\/partediario.com.ar\/index.php?rest_route=%2Fwp%2Fv2%2Fcategories&post=4703"},{"taxonomy":"post_tag","embeddable":true,"href":"https:\/\/partediario.com.ar\/index.php?rest_route=%2Fwp%2Fv2%2Ftags&post=4703"}],"curies":[{"name":"wp","href":"https:\/\/api.w.org\/{rel}","templated":true}]}}