{"id":4718,"date":"2024-07-18T20:28:06","date_gmt":"2024-07-18T23:28:06","guid":{"rendered":"https:\/\/partediario.com.ar\/?p=4718"},"modified":"2024-07-18T20:28:08","modified_gmt":"2024-07-18T23:28:08","slug":"salario-minimo-sin-acuerdo-ahora-el-gobierno-fijara-el-nuevo-haber-minimo-por-decreto","status":"publish","type":"post","link":"https:\/\/partediario.com.ar\/?p=4718","title":{"rendered":"Salario M\u00ednimo: sin acuerdo ahora el Gobierno fijar\u00e1 el nuevo haber m\u00ednimo por decreto"},"content":{"rendered":"\n<h3 class=\"wp-block-heading\">El Consejo del Salario M\u00ednimo, Vital y M\u00f3vil mantuvo una reuni\u00f3n este jueves 18 de julio, con el objetivo de definir un nuevo piso salarial.<\/h3>\n\n\n\n<p>El Consejo del Salario M\u00ednimo, Vital y M\u00f3vil se reuni\u00f3 este jueves 18 de julio, con el objetivo de definir un nuevo piso salarial junto con los montos m\u00ednimos y m\u00e1ximos de la prestaci\u00f3n por desempleo, en medio de un escenario que ubica al sueldo b\u00e1sico como el menor en 30 a\u00f1os. Sin embargo, no se logr\u00f3 un acuerdo y el Gobierno actualizar\u00e1 el SMVM una vez m\u00e1s por decreto.<\/p>\n\n\n\n<p>Del c\u00f3nclave participaron 32 representantes -entre gremios, empleadores, el Estado nacional y los gobiernos provinciales- y tuvo lugar una discusi\u00f3n t\u00e9cnica en busca de elevar una propuesta de actualizaci\u00f3n. Luego se abri\u00f3 la sesi\u00f3n plenaria ordinaria del Consejo del Salario para dar paso al debate central.<\/p>\n\n\n\n<p>Como los sectores mantuvieron sus propuestas iniciales, luego de dos horas de reuni\u00f3n se determin\u00f3 la falta de un acuerdo un\u00e1nime. El titular del Consejo por parte de la Secretar\u00eda de Trabajo, Mart\u00edn Huidobro, inform\u00f3 en la sesi\u00f3n plenaria este resultado y comunic\u00f3 que informar\u00e1 el aumento correspondiente que ser\u00e1 aplicar\u00e1 por decreto.<\/p>\n\n\n\n<p>El anterior encuentro entre las partes en la Secretar\u00eda de Trabajo hab\u00eda sido fines de abril. En aquella oportunidad no se logr\u00f3 un acuerdo, al igual que en la primera convocatoria del a\u00f1o, y el Gobierno termin\u00f3 definiendo un aumento del 15% en el piso salarial en dos tramos (abril y mayo).<\/p>\n\n\n\n<p>De este modo, el ingreso b\u00e1sico pas\u00f3 de $202.800 a $221.052 en abril para los trabajadores mensualizados, mientras que en mayo alcanz\u00f3 los $234.315,12. En cuanto a los empleados jornalizados, la hora aument\u00f3 de $1.014 a $1.105,26 en el cuarto mes del a\u00f1o y a $1,171,58 en el quinto.<\/p>\n\n\n\n<p><strong>El salario contin\u00faa atrasado<\/strong><\/p>\n\n\n\n<p>Con el actual valor, el salario m\u00ednimo tiene un poder de compra 32,1% menor del que ten\u00eda en noviembre del a\u00f1o pasado, ya que \u201clos aumentos nominales sumaron 60,5% respecto de noviembre de 2023, cuando en el mismo per\u00edodo se proyecta acumular una inflaci\u00f3n superior al 136%\u201d, de acuerdo a un informe elaborado por el Centro de Investigaci\u00f3n y Formaci\u00f3n (CIFRA) de la Central de los Trabajadores de la Argentina (CTA).<\/p>\n\n\n\n<p>Tambi\u00e9n se indic\u00f3 que en lo que va del a\u00f1o, el sueldo m\u00ednimo real fue 53,1% menor que en 2015 y est\u00e1 en el nivel \u201cm\u00e1s bajo de las \u00faltimas tres d\u00e9cadas\u201d. En ese sentido, el reporte se\u00f1al\u00f3 que \u201cel valor es inferior incluso al vigente durante la mayor parte de la d\u00e9cada de 1990\u201d.<\/p>\n\n\n\n<p>Desde el CIFRA se\u00f1alaron que \u201cen ese entonces, como ahora, el nivel era tan bajo que este instrumento hab\u00eda perdido su rol como piso salarial, tal como se buscaba desde un gobierno que bregaba por la desregulaci\u00f3n y flexibilizaci\u00f3n del mercado de trabajo\u201d.<\/p>\n\n\n\n<p>El an\u00e1lisis asever\u00f3 adem\u00e1s que \u201cel retroceso hist\u00f3rico se evidencia tambi\u00e9n en la comparaci\u00f3n del salario m\u00ednimo con las l\u00edneas de pobreza y de indigencia\u201d, indicando que \u201ceste salario s\u00f3lo ser\u00eda suficiente en julio para comprar el 56,8% de la canasta b\u00e1sica de alimentos que define la l\u00ednea de indigencia para una familia tipo y un 25,6% de la canasta de pobreza, relaciones comparables a las vigentes en la crisis final de la convertibilidad en 2001\/2002\u201d.<\/p>\n\n\n\n<p>Asimismo, el \u00e1rea de investigaci\u00f3n de la CTA destac\u00f3 que \u201csi no hubiese tenido lugar la p\u00e9rdida de poder de compra del salario m\u00ednimo sucedida desde fines de 2015 a la fecha, en el actual mes de julio este salario hubiera sido pr\u00e1cticamente de $540.000 y hubiese representado m\u00e1s del 143% sobre la canasta b\u00e1sica alimentaria aludida\u201d.<\/p>\n\n\n\n<p>Ante este escenario, los gremios buscar\u00e1n conseguir un aumento que compense el impacto de la variaci\u00f3n de precios en los salarios. En caso de que no haya acuerdo entre las partes, decidir\u00e1 el Gobierno al igual que en las dos reuniones que se llevaron a cabo este a\u00f1o.<\/p>\n","protected":false},"excerpt":{"rendered":"<p>El Consejo del Salario M&iacute;nimo, Vital y M&oacute;vil mantuvo una reuni&oacute;n este jueves 18 de julio, con el objetivo de definir un nuevo piso salarial. El Consejo del Salario M&iacute;nimo, Vital y M&oacute;vil se reuni&oacute; este jueves 18 de julio, con el objetivo de definir un nuevo piso salarial junto con los montos m&iacute;nimos y [&hellip;]<\/p>\n","protected":false},"author":2,"featured_media":4719,"comment_status":"open","ping_status":"open","sticky":false,"template":"","format":"standard","meta":{"footnotes":""},"categories":[978,5,176],"tags":[1108,1880,1879,1878],"class_list":["post-4718","post","type-post","status-publish","format-standard","has-post-thumbnail","hentry","category-gremiales","category-nacionales","category-politica","tag-acuerdo","tag-gremios","tag-minimo","tag-salario"],"_links":{"self":[{"href":"https:\/\/partediario.com.ar\/index.php?rest_route=\/wp\/v2\/posts\/4718","targetHints":{"allow":["GET"]}}],"collection":[{"href":"https:\/\/partediario.com.ar\/index.php?rest_route=\/wp\/v2\/posts"}],"about":[{"href":"https:\/\/partediario.com.ar\/index.php?rest_route=\/wp\/v2\/types\/post"}],"author":[{"embeddable":true,"href":"https:\/\/partediario.com.ar\/index.php?rest_route=\/wp\/v2\/users\/2"}],"replies":[{"embeddable":true,"href":"https:\/\/partediario.com.ar\/index.php?rest_route=%2Fwp%2Fv2%2Fcomments&post=4718"}],"version-history":[{"count":1,"href":"https:\/\/partediario.com.ar\/index.php?rest_route=\/wp\/v2\/posts\/4718\/revisions"}],"predecessor-version":[{"id":4720,"href":"https:\/\/partediario.com.ar\/index.php?rest_route=\/wp\/v2\/posts\/4718\/revisions\/4720"}],"wp:featuredmedia":[{"embeddable":true,"href":"https:\/\/partediario.com.ar\/index.php?rest_route=\/wp\/v2\/media\/4719"}],"wp:attachment":[{"href":"https:\/\/partediario.com.ar\/index.php?rest_route=%2Fwp%2Fv2%2Fmedia&parent=4718"}],"wp:term":[{"taxonomy":"category","embeddable":true,"href":"https:\/\/partediario.com.ar\/index.php?rest_route=%2Fwp%2Fv2%2Fcategories&post=4718"},{"taxonomy":"post_tag","embeddable":true,"href":"https:\/\/partediario.com.ar\/index.php?rest_route=%2Fwp%2Fv2%2Ftags&post=4718"}],"curies":[{"name":"wp","href":"https:\/\/api.w.org\/{rel}","templated":true}]}}