{"id":4724,"date":"2024-07-18T20:50:41","date_gmt":"2024-07-18T23:50:41","guid":{"rendered":"https:\/\/partediario.com.ar\/?p=4724"},"modified":"2024-07-18T20:50:42","modified_gmt":"2024-07-18T23:50:42","slug":"la-locutora-que-denuncio-a-duggan-fue-desafectada","status":"publish","type":"post","link":"https:\/\/partediario.com.ar\/?p=4724","title":{"rendered":"La locutora que denunci\u00f3 a Duggan fue desafectada"},"content":{"rendered":"\n<p><strong>La trabajadora recibi\u00f3 el respaldo de Periodistas Argentinas. La empresa, por su parte, afirm\u00f3 que el despido no est\u00e1 vinculado a la denuncia contra el periodista sino a una serie de desacuerdos internos.<\/strong><\/p>\n\n\n\n<p>La locutora Ana Maccaroni fue despedida de Radio 10 y denunci\u00f3 que la decisi\u00f3n de la empresa est\u00e1 vinculada a los tuits que subi\u00f3 en la red social X, sobre el maltrato laboral que sufri\u00f3 por parte de su ex compa\u00f1ero de trabajo Pablo Duggan. \u00abSe cumpli\u00f3 un a\u00f1o, un mes y tres d\u00edas de mi exposici\u00f3n de mobbing laboral. \u00a1Todo sigue igual! Pablo Duggan no cumpli\u00f3 con sus promesas\u201d, tuite\u00f3 d\u00edas atr\u00e1s Maccaroni. De este modo volvi\u00f3 a refrendar una denuncia p\u00fablica hecha en aquel momento (es decir, un a\u00f1o y tres meses atr\u00e1s) donde acusaba a Duggan de maltrato y hostigamiento. Luego de subir los nuevos tuits, la despidieron.<\/p>\n\n\n\n<p>Maccaroni cont\u00f3 por primera vez a mediados del a\u00f1o pasado lo que viv\u00eda con Duggan. Tras ser denunciado, el periodista habl\u00f3 al respecto en su programa. Dijo que lo expresado por la locutora lo hab\u00eda llevado a reflexionar sobre el tema y pidi\u00f3 disculpas. De todas formas, la decisi\u00f3n de la radio fue que Duggan y Maccaroni no sigan trabajando juntos y as\u00ed es como ella dej\u00f3 el programa vespertino \u00abDe vuelta\u00bb, que compart\u00edan de lunes a viernes de 18 a 20. La locutora pas\u00f3 al programa \u00abLa medianoche\u00bb junto a Carlos Polimeni, que se transmite desde las cero a las dos de la ma\u00f1ana.<\/p>\n\n\n\n<p>La situaci\u00f3n cambi\u00f3 radicalmente desde el momento que Maccaroni volvi\u00f3 a subir un mensajes en la red X. En los nuevos twits la locutora revel\u00f3 que la situaci\u00f3n de maltrato se sosten\u00eda y agreg\u00f3 que su salud f\u00edsica y ps\u00edquica se hab\u00eda visto afectada. Maccaroni asever\u00f3 que Duggan la hizo \u201csentir tan culpable\u201d que cay\u00f3 en una depresi\u00f3n por la cual incluso tuvo que ser internada. En ese marco, record\u00f3 que el periodista \u201chizo un pedido de disculpas ese 4 de mayo del 2023&#8243;pero ni \u00e9l ni ninguna persona vinculada a la empresa se interes\u00f3 por saber c\u00f3mo segu\u00eda la situaci\u00f3n.<\/p>\n\n\n\n<p>En declaraciones televisivas al programa LAM, la locutora sum\u00f3 a lo dicho en su hilo de tuits y relat\u00f3 el v\u00ednculo complejo que tuvo con Duggan los seis a\u00f1os que trabajaron en el mismo programa. \u00abMe pusieron a trabajar con \u00e9l porque todo el mundo sabe que es un maltratador pero yo necesito trabajar y me gusta lo que hago. Soy madre soltera, cr\u00edo a m\u00ed hijo, s\u00e9 que puedo hacer bien las cosas. A\u00fan as\u00ed, lleg\u00f3 un momento donde no pod\u00eda ni con mi cuerpo ni con mi cabeza. Despu\u00e9s de las disculpas, pens\u00e9 que las cosas iban a cambiar pero no\u00bb, se\u00f1al\u00f3.<\/p>\n\n\n\n<p>Explic\u00f3 que a ra\u00edz de esta situaci\u00f3n, y debido a que la empresa quer\u00eda desvincularla de un programa que ella hace los lunes a la medianoche, decidi\u00f3 hacer p\u00fablica la denuncia nuevamente y por eso volvi\u00f3 a publicar los tuits en relaci\u00f3n a Duggan d\u00edas atr\u00e1s. \u00abLo \u00fanico que hizo la empresa fue llamarme y ofrecerme cinco millones de pesos para que me vaya, desconociendo que tengo 17 a\u00f1os de antig\u00fcedad\u00bb, cont\u00f3.<\/p>\n\n\n\n<p>El desenlace se produjo tras la publicaci\u00f3n de esos tuits. \u201cPor no bajar mis tuits y demandar a Pablo Duggan me acaban de echar de Radio 10\u201d, poste\u00f3 nuevamente en X hace un par de d\u00edas.<\/p>\n\n\n\n<p>La locutora relat\u00f3 que posteriormente la llamaron de la radio para decirle que no se presentara a trabajar. \u201cNo me llamaron de la gerencia sino se comunic\u00f3 otra persona. Yo pregunt\u00e9 cu\u00e1l era el motivo y me dijeron que no sab\u00edan, pero que no me presente porque me iba a encontrar en la puerta con un comunicado para que no pudiese entrar. Pero mis abogados me dijeron que me presente igual\u00bb, detall\u00f3 la locutora a LAM. Eso fue lo que hizo y personal de seguridad no le permiti\u00f3 ingresar.<\/p>\n\n\n\n<p>Maccaroni afirm\u00f3 que, a diferencia de la vez anterior, esta vez s\u00ed manifest\u00f3 su malestar ante la empresa y le envi\u00f3 cartas documento a Duggan. \u00abPero por alguna raz\u00f3n, no le llegaron\u00bb, indic\u00f3.<\/p>\n\n\n\n<p>La organizaci\u00f3n Periodistas Argentinas hizo p\u00fablico su apoyo a la trabajadora. \u00abRepudiamos la decisi\u00f3n de Radio 10 de echar a nuestra compa\u00f1era Anita Maccaroni despu\u00e9s de su denuncia contra Pablo Duggan. Exigimos la inmediata reincorporaci\u00f3n de una trabajadora con 17 a\u00f1os de profesi\u00f3n intachable. Basta de maltrato laboral\u00bb, expresaron en un comunicado difundido en redes sociales.<\/p>\n\n\n\n<p>Por su parte, fuentes cercanas a la radio destacaron que el despido de la trabajadora nada tiene que ver con lo que ella manifest\u00f3 sobre Duggan sino a la imposibilidad de establecer ciertos acuerdos laborales en relaci\u00f3n a la grilla horaria. No obstante, aclararon que est\u00e1n analizando la situaci\u00f3n y que buscar\u00e1n el modo de retomar el di\u00e1logo con Maccaroni para encontrar una salida conjunta en relaci\u00f3n a la fuente de trabajo de la locutora.<\/p>\n\n\n\n<p>Argumentaron adem\u00e1s que el v\u00ednculo laboral entre Duggan y Maccaroni se discontinu\u00f3 hace un a\u00f1o y tres meses. Desde entonces, aseguraron, no hubo m\u00e1s contacto entre ellos y por eso consideraron que no era necesario hacer un seguimiento del tema.<\/p>\n\n\n\n<p>La empresa precis\u00f3 que Maccaroni nunca hab\u00eda manifestado su malestar con el conductor hasta la publicaci\u00f3n de los primeros tuits hace m\u00e1s de un a\u00f1o atr\u00e1s. En aquel momento la llamaron a ella y a Duggan para aclarar la situaci\u00f3n. Frente a las nuevas publicaciones, la empresa se vio sorprendida ya que consider\u00f3 que el tema estaba saldado. Todo indica que, por ahora, no ser\u00eda ese el caso.<\/p>\n","protected":false},"excerpt":{"rendered":"<p>La trabajadora recibi&oacute; el respaldo de Periodistas Argentinas. La empresa, por su parte, afirm&oacute; que el despido no est&aacute; vinculado a la denuncia contra el periodista sino a una serie de desacuerdos internos. La locutora Ana Maccaroni fue despedida de Radio 10 y denunci&oacute; que la decisi&oacute;n de la empresa est&aacute; vinculada a los tuits [&hellip;]<\/p>\n","protected":false},"author":2,"featured_media":4725,"comment_status":"open","ping_status":"open","sticky":false,"template":"","format":"standard","meta":{"footnotes":""},"categories":[5,726],"tags":[1888,812,641,1887,1890,1889],"class_list":["post-4724","post","type-post","status-publish","format-standard","has-post-thumbnail","hentry","category-nacionales","category-sociedad","tag-ana-maccaroni","tag-denuncia","tag-laboral","tag-pablo-duggan","tag-periodistas-argentinas","tag-radio-10"],"_links":{"self":[{"href":"https:\/\/partediario.com.ar\/index.php?rest_route=\/wp\/v2\/posts\/4724","targetHints":{"allow":["GET"]}}],"collection":[{"href":"https:\/\/partediario.com.ar\/index.php?rest_route=\/wp\/v2\/posts"}],"about":[{"href":"https:\/\/partediario.com.ar\/index.php?rest_route=\/wp\/v2\/types\/post"}],"author":[{"embeddable":true,"href":"https:\/\/partediario.com.ar\/index.php?rest_route=\/wp\/v2\/users\/2"}],"replies":[{"embeddable":true,"href":"https:\/\/partediario.com.ar\/index.php?rest_route=%2Fwp%2Fv2%2Fcomments&post=4724"}],"version-history":[{"count":1,"href":"https:\/\/partediario.com.ar\/index.php?rest_route=\/wp\/v2\/posts\/4724\/revisions"}],"predecessor-version":[{"id":4726,"href":"https:\/\/partediario.com.ar\/index.php?rest_route=\/wp\/v2\/posts\/4724\/revisions\/4726"}],"wp:featuredmedia":[{"embeddable":true,"href":"https:\/\/partediario.com.ar\/index.php?rest_route=\/wp\/v2\/media\/4725"}],"wp:attachment":[{"href":"https:\/\/partediario.com.ar\/index.php?rest_route=%2Fwp%2Fv2%2Fmedia&parent=4724"}],"wp:term":[{"taxonomy":"category","embeddable":true,"href":"https:\/\/partediario.com.ar\/index.php?rest_route=%2Fwp%2Fv2%2Fcategories&post=4724"},{"taxonomy":"post_tag","embeddable":true,"href":"https:\/\/partediario.com.ar\/index.php?rest_route=%2Fwp%2Fv2%2Ftags&post=4724"}],"curies":[{"name":"wp","href":"https:\/\/api.w.org\/{rel}","templated":true}]}}