{"id":4739,"date":"2024-07-19T11:22:08","date_gmt":"2024-07-19T14:22:08","guid":{"rendered":"https:\/\/partediario.com.ar\/?p=4739"},"modified":"2024-07-19T11:22:10","modified_gmt":"2024-07-19T14:22:10","slug":"paritarias-el-gobierno-se-reune-este-viernes-a-gremios-estatales-y-docentes","status":"publish","type":"post","link":"https:\/\/partediario.com.ar\/?p=4739","title":{"rendered":"Paritarias: el Gobierno se re\u00fane este viernes a gremios estatales y docentes"},"content":{"rendered":"\n<h3 class=\"wp-block-heading\">El gobierno convoc\u00f3 a los gremios docentes y estatales en el marco de la mesa paritaria para este viernes 19 en la sede de la Secretar\u00eda de Trabajo.<\/h3>\n\n\n\n<p>A las 9:30 est\u00e1 prevista la reuni\u00f3n con los gremios docente en Trabajo donde estar\u00e1n presentes la Asociaci\u00f3n del Magisterio de Entre R\u00edos (Agmer), la Asociaci\u00f3n del Magisterio de Ense\u00f1anza T\u00e9cnica (AMET), el Sindicato Argentino de Docentes Privados (Sadop) y la Uni\u00f3n Docentes Argentinos (UDA).<\/p>\n\n\n\n<p>Mientras que a las 11:30, ser\u00e1 el encuentro con la Uni\u00f3n del Personal Civil de la Naci\u00f3n (UPCN) y la Asociaci\u00f3n de Trabajadores del Estado (ATE).<\/p>\n","protected":false},"excerpt":{"rendered":"<p>El gobierno convoc&oacute; a los gremios docentes y estatales en el marco de la mesa paritaria para este viernes 19 en la sede de la Secretar&iacute;a de Trabajo. A las 9:30 est&aacute; prevista la reuni&oacute;n con los gremios docente en Trabajo donde estar&aacute;n presentes la Asociaci&oacute;n del Magisterio de Entre R&iacute;os (Agmer), la Asociaci&oacute;n del [&hellip;]<\/p>\n","protected":false},"author":2,"featured_media":4740,"comment_status":"open","ping_status":"open","sticky":false,"template":"","format":"standard","meta":{"footnotes":""},"categories":[978,8],"tags":[1817,257,1816,224,1815],"class_list":["post-4739","post","type-post","status-publish","format-standard","has-post-thumbnail","hentry","category-gremiales","category-provinciales","tag-docentes","tag-entre-rios","tag-estatales","tag-gobierno","tag-paritarias"],"_links":{"self":[{"href":"https:\/\/partediario.com.ar\/index.php?rest_route=\/wp\/v2\/posts\/4739","targetHints":{"allow":["GET"]}}],"collection":[{"href":"https:\/\/partediario.com.ar\/index.php?rest_route=\/wp\/v2\/posts"}],"about":[{"href":"https:\/\/partediario.com.ar\/index.php?rest_route=\/wp\/v2\/types\/post"}],"author":[{"embeddable":true,"href":"https:\/\/partediario.com.ar\/index.php?rest_route=\/wp\/v2\/users\/2"}],"replies":[{"embeddable":true,"href":"https:\/\/partediario.com.ar\/index.php?rest_route=%2Fwp%2Fv2%2Fcomments&post=4739"}],"version-history":[{"count":1,"href":"https:\/\/partediario.com.ar\/index.php?rest_route=\/wp\/v2\/posts\/4739\/revisions"}],"predecessor-version":[{"id":4741,"href":"https:\/\/partediario.com.ar\/index.php?rest_route=\/wp\/v2\/posts\/4739\/revisions\/4741"}],"wp:featuredmedia":[{"embeddable":true,"href":"https:\/\/partediario.com.ar\/index.php?rest_route=\/wp\/v2\/media\/4740"}],"wp:attachment":[{"href":"https:\/\/partediario.com.ar\/index.php?rest_route=%2Fwp%2Fv2%2Fmedia&parent=4739"}],"wp:term":[{"taxonomy":"category","embeddable":true,"href":"https:\/\/partediario.com.ar\/index.php?rest_route=%2Fwp%2Fv2%2Fcategories&post=4739"},{"taxonomy":"post_tag","embeddable":true,"href":"https:\/\/partediario.com.ar\/index.php?rest_route=%2Fwp%2Fv2%2Ftags&post=4739"}],"curies":[{"name":"wp","href":"https:\/\/api.w.org\/{rel}","templated":true}]}}