{"id":4745,"date":"2024-07-19T14:48:35","date_gmt":"2024-07-19T17:48:35","guid":{"rendered":"https:\/\/partediario.com.ar\/?p=4745"},"modified":"2024-07-19T14:48:37","modified_gmt":"2024-07-19T17:48:37","slug":"detectaron-escandaloso-nivel-de-corrupcion-en-el-otorgamiento-de-pensiones-por-discapacidad","status":"publish","type":"post","link":"https:\/\/partediario.com.ar\/?p=4745","title":{"rendered":"Detectaron escandaloso nivel de corrupci\u00f3n en el otorgamiento de pensiones por discapacidad"},"content":{"rendered":"\n<p><strong>El Gobierno nacional denunci\u00f3 \u201cun esquema de corrupci\u00f3n y desv\u00edo de fondos a trav\u00e9s de la facturaci\u00f3n de prestaciones m\u00e9dicas truchas\u201d en la Agencia Nacional de Discapacidad (ANDIS) que podr\u00eda ascender un total de 3.400 millones de d\u00f3lares.<\/strong><\/p>\n\n\n\n<p>Las nuevas autoridades del \u00e1rea, que dependen de la Jefatura de Gabinete al Ministerio de Salud, estima que el \u201cel desv\u00edo de fondos fue de un 40% sobre el monto anual destinado a pensiones no contributivas por discapacidad\u201d.<\/p>\n\n\n\n<p>Las irregularidades derivaron en una denuncia penal -que ser\u00e1 ampliada- fue realizada por el director ejecutivo del organismo, Diego Spagnuolo, y es investigada por el fiscal federal Guillermo Marijuan.<\/p>\n\n\n\n<p>De acuerdo al primer corte de auditor\u00eda realizado por los funcionarios de La Libertad Avanza, solo \u201cel 7% de las pensiones por invalidez laboral cumplen con los requisitos establecidos\u201d. La documentaci\u00f3n que alimenta el expediente judicial, tiene aristas que rozan lo incre\u00edble: en un expediente se aport\u00f3 como prueba de incapacidad laboral una radiograf\u00eda de un perro. \u201cLo que descubrimos es escandaloso\u201d, calificaron desde la ANDIS.<\/p>\n\n\n\n<p>\u201cTenemos la radiograf\u00eda del mismo hombro roto en 157 expediente. Tenemos radiograf\u00edas bajadas directamente de Google. Adem\u00e1s detectamos constancias de an\u00e1lisis de laboratorios repetidos y hasta un certificado m\u00e9dico que acredita la supuesta dolencia del paciente que en teor\u00eda no pod\u00eda trabajar por una incapacidad grave, que, en vez de describir la dolencia de la persona, reprodujo un poema de Arias Uriburu titulado \u2018la Herida\u2019. Ese es el diagn\u00f3stico m\u00e9dico que justificaba la documentaci\u00f3n m\u00e9dica que justificaba el pedido de la pensi\u00f3n por invalidez\u201d, describe el funcionario de La Libertad Avanza. \u201cNo hab\u00eda controles m\u00e9dicos en la ANDIS. Se aprobaban los expedientes sin una auditor\u00eda m\u00e9dica\u201d, destacaron.<\/p>\n\n\n\n<p>\u201cEstamos seguros que entre el 30 y el 50 por ciento de las pensiones otorgadas durante los gobiernos kirchneristas van a ser dadas de baja despu\u00e9s de una exhaustiva auditor\u00eda que abarca a todo el pa\u00eds\u201d, aseguran las autoridades de la ANDIS. Y remarcan: \u201cSe encontr\u00f3 con un sistema de pensiones por invalidez laboral poco transparente, complejo de auditar y muy susceptible al fraude. Durante las gestiones anteriores, las pensiones fueron utilizadas como moneda de cambio para favores pol\u00edticos, otorg\u00e1ndolas a personas que no cumpl\u00edan con los requisitos de invalidez laboral o discapacidad\u201d.<\/p>\n\n\n\n<p>\u201cSobre los 2.559 casos auditados m\u00e9dicamente hasta el momento, solo el 7% (185) cumplen con los requisitos establecidos\u201d, mencionan en la denuncia judicial. Esas pensiones \u201ctruchas ya fueron dadas de baja\u201d. \u201cEl gobierno de Alberto Fern\u00e1ndez armaba operativos para otorgar pensiones. Es escandaloso\u201d, opinan los funcionarios y agregan que hay gente que llama a la Agencia denunciado que es titular de una pensi\u00f3n y nunca la gestion\u00f3.<\/p>\n\n\n\n<p>Adem\u00e1s de las pensiones mal otorgadas Spagnuolo descubri\u00f3 otras irregularidades que poco tiene que ver con la asistencia a personas con discapacidad. Como la contrataci\u00f3n de artistas como Ignacio Copani. Gastos por m\u00e1s de 35 millones de pesos en \u201cagasajos\u201d e instalaci\u00f3n de un gazebo y 20 remeras remeras para la marcha LGTV+ del a\u00f1o pasado por lo cual se abon\u00f3 $900.000.<\/p>\n\n\n\n<p>El vocero presidencial, Manuel Adorni, brind\u00f3 detalles desde la Casa Rosada sobre la pesquisa iniciada en la ANDIS y que ya tiene su correlato en los tribunales de Comodoro Py.<\/p>\n\n\n\n<p>De acuerdo a datos oficiales, entre 2003 y 2015, es decir los gobiernos de N\u00e9stor Kirchner y Cristina Fern\u00e1ndez de Kirchner la cantidad de Pensiones no Contributivas por Invalidez Laboral pas\u00f3 de 80.000 a 1.050.000, \u201cun n\u00famero sin precedentes incluso en pa\u00edses que han sufrido guerras mundiales\u201d, opinan desde la Casa Rosada. El valor actual de la pensi\u00f3n es de $203.100. Durante el gobierno de Mauricio Macri la cifra se mantuvo constante -ver gr\u00e1fico- pero durante la presidencia de Alberto Fern\u00e1ndez, la cifra de beneficiarios volvi\u00f3 a ascender hasta las 1.250.000 pensiones al 10 de diciembre de 2023.<\/p>\n\n\n\n<p>Sobre este tema, el fiscal Mariju\u00e1n asegur\u00f3 que: \u201cTal incremento habr\u00eda sido consecuencia de un proceso de articulaci\u00f3n de decretos y resoluciones por medio de los cuales se habr\u00edan flexibilizado los criterios originalmente establecidos para el otorgamiento de tales pensiones, y por la puesta en marcha de un circuito de tramitaci\u00f3n de dichos beneficios especialmente destinado a cuestiones pol\u00edticas de favores con gobernadores e intendentes, en lo que las pensiones eran moneda de cambio aprobados en tiempos reducidos de tres meses que se entregar\u00edan a personas que no solo no ten\u00edan la condici\u00f3n de invalidez laboral, sino que en muchos casos ni siquiera ten\u00edan una condici\u00f3n medica de discapacidad, que habr\u00eda funcionado en forma paralela al circuito formal en el que la tramitaci\u00f3n para el otorgamiento de tal prestaci\u00f3n demoraba entre 2 y 3 a\u00f1os\u201d.<\/p>\n\n\n\n<p>Marijuan recuerda que \u201cla Resoluci\u00f3n 8\/2020, publicada el 30 de enero de 2020, aval\u00f3 el inicio del tr\u00e1mite para acceder al beneficio en cuesti\u00f3n aun cuando no se acompa\u00f1e el Certificado M\u00e9dico Oficial -constancia principal de an\u00e1lisis para el otorgamiento o denegatoria de la pensi\u00f3n puesto que se trata de un documento de car\u00e1cter obligatorio que, junto al alta de tr\u00e1mite en ANSES, permite dar inicio al proceso de evaluaci\u00f3n de la solicitud de la pensi\u00f3n-, y modific\u00f3 los par\u00e1metros para la determinaci\u00f3n del estado socio-econ\u00f3mico y de vulnerabilidad de las peticiones atinentes para el otorgamiento, denegaci\u00f3n, suspensi\u00f3n y caducidad de las pensiones se\u00f1aladas\u201d.<\/p>\n\n\n\n<p>La denuncia penal presentada por Spagnuolo aporta pruebas sobre casos de personas que cobraban pensiones sin tener invalidez laboral o discapacidad, incluyendo personas con bienes como aviones, embarcaciones, m\u00e1s de un auto y hasta 59 inmuebles, as\u00ed como personas que trabajaban.<\/p>\n\n\n\n<p>Hasta el momento, las nuevas autoridades de la ANDIS, a cargo del abogado Spagnuolo, certificaron que \u201calrededor del 35% de las pensiones otorgadas presentar\u00edan incompatibilidades, siendo el 5% del total (casi 60.000 pensiones) en condiciones de incompatibilidad por poseer bienes y trabajo, mientras que el 30% restante presenta incompatibilidades en las condiciones m\u00e9dicas\u201d.<\/p>\n\n\n\n<p>Para los funcionarios: \u201cEste mecanismo perverso ha vulnerado gravemente los derechos de las personas con discapacidad ya que el dinero destinado a este sector tan vulnerable de la sociedad ha sido utilizado para arreglos pol\u00edticos y beneficios de unos pocos\u201d.<\/p>\n\n\n\n<p>El impacto del descomunal fraude<\/p>\n\n\n\n<p>La investigaci\u00f3n sobre las pensiones otorgadas de manera irregular permiti\u00f3 observar adem\u00e1s el uso indebido del Programa Nacional Incluir Salud creado para brindar cobertura m\u00e9dico-asistencial a todas aquellas personas titulares de pensiones nacionales no contributivas.<\/p>\n","protected":false},"excerpt":{"rendered":"<p>El Gobierno nacional denunci&oacute; &ldquo;un esquema de corrupci&oacute;n y desv&iacute;o de fondos a trav&eacute;s de la facturaci&oacute;n de prestaciones m&eacute;dicas truchas&rdquo; en la Agencia Nacional de Discapacidad (ANDIS) que podr&iacute;a ascender un total de 3.400 millones de d&oacute;lares. Las nuevas autoridades del &aacute;rea, que dependen de la Jefatura de Gabinete al Ministerio de Salud, estima [&hellip;]<\/p>\n","protected":false},"author":2,"featured_media":4746,"comment_status":"open","ping_status":"open","sticky":false,"template":"","format":"standard","meta":{"footnotes":""},"categories":[979,5,726],"tags":[1904,1901,1903,1902],"class_list":["post-4745","post","type-post","status-publish","format-standard","has-post-thumbnail","hentry","category-judiciales","category-nacionales","category-sociedad","tag-andis","tag-corrupcion","tag-discapacidad","tag-pensiones"],"_links":{"self":[{"href":"https:\/\/partediario.com.ar\/index.php?rest_route=\/wp\/v2\/posts\/4745","targetHints":{"allow":["GET"]}}],"collection":[{"href":"https:\/\/partediario.com.ar\/index.php?rest_route=\/wp\/v2\/posts"}],"about":[{"href":"https:\/\/partediario.com.ar\/index.php?rest_route=\/wp\/v2\/types\/post"}],"author":[{"embeddable":true,"href":"https:\/\/partediario.com.ar\/index.php?rest_route=\/wp\/v2\/users\/2"}],"replies":[{"embeddable":true,"href":"https:\/\/partediario.com.ar\/index.php?rest_route=%2Fwp%2Fv2%2Fcomments&post=4745"}],"version-history":[{"count":1,"href":"https:\/\/partediario.com.ar\/index.php?rest_route=\/wp\/v2\/posts\/4745\/revisions"}],"predecessor-version":[{"id":4747,"href":"https:\/\/partediario.com.ar\/index.php?rest_route=\/wp\/v2\/posts\/4745\/revisions\/4747"}],"wp:featuredmedia":[{"embeddable":true,"href":"https:\/\/partediario.com.ar\/index.php?rest_route=\/wp\/v2\/media\/4746"}],"wp:attachment":[{"href":"https:\/\/partediario.com.ar\/index.php?rest_route=%2Fwp%2Fv2%2Fmedia&parent=4745"}],"wp:term":[{"taxonomy":"category","embeddable":true,"href":"https:\/\/partediario.com.ar\/index.php?rest_route=%2Fwp%2Fv2%2Fcategories&post=4745"},{"taxonomy":"post_tag","embeddable":true,"href":"https:\/\/partediario.com.ar\/index.php?rest_route=%2Fwp%2Fv2%2Ftags&post=4745"}],"curies":[{"name":"wp","href":"https:\/\/api.w.org\/{rel}","templated":true}]}}