{"id":4751,"date":"2024-07-19T15:02:01","date_gmt":"2024-07-19T18:02:01","guid":{"rendered":"https:\/\/partediario.com.ar\/?p=4751"},"modified":"2024-07-19T15:02:02","modified_gmt":"2024-07-19T18:02:02","slug":"lo-que-dijo-victoria-villarruel-no-es-la-postura-del-gobierno-aseguro-adorni","status":"publish","type":"post","link":"https:\/\/partediario.com.ar\/?p=4751","title":{"rendered":"\u201cLo que dijo Victoria Villarruel no es la postura del Gobierno\u201d, asegur\u00f3 Adorni"},"content":{"rendered":"\n<p><strong>El vocero presidencial, Manuel Adorni, tom\u00f3 distancia hoy de la vicepresidenta Victoria Villarruel acerca de sus dichos de Francia y calific\u00f3 el comentario de la funcionaria como \u201cdesafortunado\u201d.<\/strong><\/p>\n\n\n\n<p>\u201cDesafortunado comentario. Las relaciones con Francia est\u00e1n intactas. Lo que dijo la vice son palabras de la vice que no es la postura del Gobierno\u201d, afirm\u00f3.<\/p>\n\n\n\n<p>La vicepresidenta hab\u00eda opinado sobre la pol\u00e9mica con la Federaci\u00f3n Francesa de F\u00fatbol (FFF) por la difusi\u00f3n de un video con c\u00e1nticos racistas publicados por el futbolista de la Selecci\u00f3n argentina, Enzo Fern\u00e1ndez, tras la obtenci\u00f3n de la Copa Am\u00e9rica.<\/p>\n\n\n\n<p><\/p>\n\n\n\n<blockquote class=\"twitter-tweet\"><p lang=\"es\" dir=\"ltr\">Argentina es un pa\u00eds soberano y libre. Nunca tuvimos colonias ni ciudadanos de segunda. Nunca le impusimos a nadie nuestra forma de vida. Pero tampoco vamos a tolerar que lo hagan con nosotros. Argentina se hizo con el sudor y el coraje de los indios, los europeos, los criollos y\u2026 <a href=\"https:\/\/t.co\/Wkevi8TrVO\">pic.twitter.com\/Wkevi8TrVO<\/a><\/p>&mdash; Victoria Villarruel (@VickyVillarruel) <a href=\"https:\/\/twitter.com\/VickyVillarruel\/status\/1813690900419113221?ref_src=twsrc%5Etfw\">July 17, 2024<\/a><\/blockquote> <script async src=\"https:\/\/platform.twitter.com\/widgets.js\" charset=\"utf-8\"><\/script>\n\n\n\n<p><\/p>\n\n\n\n<p>\u201cNing\u00fan pa\u00eds colonialista nos va a amedrentar por una canci\u00f3n de cancha ni por decir las verdades que no se quieren admitir\u201d, poste\u00f3 en un mensaje cargado de nacionalismo en su cuenta de la red social \u201cX\u201d.<\/p>\n\n\n\n<p>Adorni, adem\u00e1s apunt\u00f3 a los diputados que fueron a ver a Alfredo Aztiz: \u201cNo representan la totalidad del bloque ni del Poder Ejecutivo. Ser\u00e1 un tema que deber\u00e1 resolver el Poder Legislativo. Es un tema que nos excede\u201d.<\/p>\n\n\n\n<p>\u201cEs un tema personal de cada diputado. Condenamos todo lo que est\u00e1 en contra de la ley. No nos metemos en la agenda de cada diputado\u201d, destac\u00f3.<\/p>\n","protected":false},"excerpt":{"rendered":"<p>El vocero presidencial, Manuel Adorni, tom&oacute; distancia hoy de la vicepresidenta Victoria Villarruel acerca de sus dichos de Francia y calific&oacute; el comentario de la funcionaria como &ldquo;desafortunado&rdquo;. &ldquo;Desafortunado comentario. Las relaciones con Francia est&aacute;n intactas. Lo que dijo la vice son palabras de la vice que no es la postura del Gobierno&rdquo;, afirm&oacute;. La [&hellip;]<\/p>\n","protected":false},"author":2,"featured_media":4752,"comment_status":"open","ping_status":"open","sticky":false,"template":"","format":"standard","meta":{"footnotes":""},"categories":[9,5,176],"tags":[1586,646,233],"class_list":["post-4751","post","type-post","status-publish","format-standard","has-post-thumbnail","hentry","category-internacionales","category-nacionales","category-politica","tag-francia","tag-manuel-adorni","tag-victoria-villarruel"],"_links":{"self":[{"href":"https:\/\/partediario.com.ar\/index.php?rest_route=\/wp\/v2\/posts\/4751","targetHints":{"allow":["GET"]}}],"collection":[{"href":"https:\/\/partediario.com.ar\/index.php?rest_route=\/wp\/v2\/posts"}],"about":[{"href":"https:\/\/partediario.com.ar\/index.php?rest_route=\/wp\/v2\/types\/post"}],"author":[{"embeddable":true,"href":"https:\/\/partediario.com.ar\/index.php?rest_route=\/wp\/v2\/users\/2"}],"replies":[{"embeddable":true,"href":"https:\/\/partediario.com.ar\/index.php?rest_route=%2Fwp%2Fv2%2Fcomments&post=4751"}],"version-history":[{"count":1,"href":"https:\/\/partediario.com.ar\/index.php?rest_route=\/wp\/v2\/posts\/4751\/revisions"}],"predecessor-version":[{"id":4753,"href":"https:\/\/partediario.com.ar\/index.php?rest_route=\/wp\/v2\/posts\/4751\/revisions\/4753"}],"wp:featuredmedia":[{"embeddable":true,"href":"https:\/\/partediario.com.ar\/index.php?rest_route=\/wp\/v2\/media\/4752"}],"wp:attachment":[{"href":"https:\/\/partediario.com.ar\/index.php?rest_route=%2Fwp%2Fv2%2Fmedia&parent=4751"}],"wp:term":[{"taxonomy":"category","embeddable":true,"href":"https:\/\/partediario.com.ar\/index.php?rest_route=%2Fwp%2Fv2%2Fcategories&post=4751"},{"taxonomy":"post_tag","embeddable":true,"href":"https:\/\/partediario.com.ar\/index.php?rest_route=%2Fwp%2Fv2%2Ftags&post=4751"}],"curies":[{"name":"wp","href":"https:\/\/api.w.org\/{rel}","templated":true}]}}