{"id":4759,"date":"2024-07-19T15:37:12","date_gmt":"2024-07-19T18:37:12","guid":{"rendered":"https:\/\/partediario.com.ar\/?p=4759"},"modified":"2024-07-19T15:37:13","modified_gmt":"2024-07-19T18:37:13","slug":"frigerio-recibio-a-productores-lecheros-del-centro-entrerriano","status":"publish","type":"post","link":"https:\/\/partediario.com.ar\/?p=4759","title":{"rendered":"Frigerio recibi\u00f3 a productores lecheros del centro entrerriano"},"content":{"rendered":"\n<p><strong>El gobernador Rogelio Frigerio recibi\u00f3 a los integrantes del Clauster de productores lecheros del centro entrerriano. Dialogaron sobre los problemas que hace d\u00e9cadas atraviesa el sector.<\/strong><\/p>\n\n\n\n<p>El mandatario estuvo acompa\u00f1ado por el ministro de Desarrollo Econ\u00f3mico, Guillermo Bernaudo. Participaron productores lecheros y queseros de distintos puntos de la provincia. Luego del encuentro, el secretario de Agricultura, Ra\u00fal Boc-Ho, precis\u00f3 que la reuni\u00f3n fue \u00abmuy productiva\u00bb.<\/p>\n\n\n\n<p><\/p>\n\n\n\n<figure class=\"wp-block-image size-full\"><img loading=\"lazy\" decoding=\"async\" width=\"1024\" height=\"683\" src=\"https:\/\/partediario.com.ar\/wp-content\/uploads\/con-tamberos.jpg\" alt=\"\" class=\"wp-image-4761\" srcset=\"https:\/\/partediario.com.ar\/wp-content\/uploads\/con-tamberos.jpg 1024w, https:\/\/partediario.com.ar\/wp-content\/uploads\/con-tamberos-300x200.jpg 300w, https:\/\/partediario.com.ar\/wp-content\/uploads\/con-tamberos-768x512.jpg 768w\" sizes=\"auto, (max-width: 1024px) 100vw, 1024px\" \/><\/figure>\n\n\n\n<p><\/p>\n\n\n\n<p>Por su parte, el presidente del Cl\u00faster Lechero del Centro Entrerriano, Beltr\u00e1n Mihura, cont\u00f3 que trabajaron \u00absobre los caminos, energ\u00eda e impuestos, y sobre todo en formar una mesa t\u00e9cnica y pol\u00edtica para buscar las alternativas, las mejores soluciones para crecer con la producci\u00f3n lechera en la provincia\u00bb.<\/p>\n\n\n\n<p>\u00abNo solo buscamos que no cierren los tambos, sino que se generen nuevos establecimientos, y para eso tenemos que estar todos en trabajando en la misma direcci\u00f3n\u00bb, enfatiz\u00f3 el productor.<\/p>\n\n\n\n<p>En ese marco, subray\u00f3 que los tamberos valoran \u00abque la provincia apoya a la actividad lechera que tenemos en la regi\u00f3n\u00bb, y resalt\u00f3 que los tambos generan \u00abtrabajo y arraigo\u00bb.<\/p>\n\n\n\n<p>\u00abHace m\u00e1s de 40 a\u00f1os estamos estancados\u00bb, describi\u00f3 Mihura, pero valor\u00f3 que ahora, \u00abel gobierno provincial est\u00e1 de acuerdo en que es una actividad que queremos que crezca. As\u00ed que hacia all\u00ed iremos\u00bb.<\/p>\n\n\n\n<p>Seg\u00fan el \u00faltimo censo, en la regi\u00f3n donde tiene actividad el Cl\u00faster Lechero del Centro Entrerriano existen 400 tambos, algo m\u00e1s de la mitad del total provincial.<\/p>\n\n\n\n<p>El cl\u00faster est\u00e1 integrado por productores lecheros y productores queseros de Nogoy\u00e1 y Rosario del Tala, las empresas La Sibila y La Lecherita, la cooperativa El Progreso, la Confederaci\u00f3n Intercooperativa Agropecuaria Limitada (Coninagro) y los Colegios de M\u00e9dicos Veterinarios y de Ingenieros Agr\u00f3nomos de Entre R\u00edos.<\/p>\n\n\n\n<p>Desde el \u00e1mbito p\u00fablico, participan la secretar\u00eda de Agricultura, Ganader\u00eda y Pesca de la Naci\u00f3n, el Gobierno de Entre R\u00edos -a trav\u00e9s de la Direcci\u00f3n de Ganader\u00eda-, los gobiernos municipales de Nogoy\u00e1 y Rosario del Tala; las Agencias Paran\u00e1, Nogoy\u00e1 y Rosario del Tala del Instituto Nacional de Tecnolog\u00eda Agropecuaria (INTA), el Servicio Nacional de Sanidad y Calidad Agroalimentaria (Senasa), la Delegaci\u00f3n Nogoy\u00e1\/Tala de la Subsecretar\u00eda de Agricultura Familiar, Facultad de Ciencias Agropecuarias de la Universidad Nacional de Entre R\u00edos (UNER), la Tecnicatura en Producci\u00f3n Agropecuaria de la Universidad Aut\u00f3noma de Entre R\u00edos (Uader), y las Escuelas Agrot\u00e9cnicas N\u00ba 51 Municipalidad de Maci\u00e1 y La Carola.<\/p>\n","protected":false},"excerpt":{"rendered":"<p>El gobernador Rogelio Frigerio recibi&oacute; a los integrantes del Clauster de productores lecheros del centro entrerriano. Dialogaron sobre los problemas que hace d&eacute;cadas atraviesa el sector. El mandatario estuvo acompa&ntilde;ado por el ministro de Desarrollo Econ&oacute;mico, Guillermo Bernaudo. Participaron productores lecheros y queseros de distintos puntos de la provincia. Luego del encuentro, el secretario de [&hellip;]<\/p>\n","protected":false},"author":2,"featured_media":4760,"comment_status":"open","ping_status":"open","sticky":false,"template":"","format":"standard","meta":{"footnotes":""},"categories":[8,726],"tags":[257,1914,528,245],"class_list":["post-4759","post","type-post","status-publish","format-standard","has-post-thumbnail","hentry","category-provinciales","category-sociedad","tag-entre-rios","tag-lecheros","tag-productores","tag-rogelio-frigerio"],"_links":{"self":[{"href":"https:\/\/partediario.com.ar\/index.php?rest_route=\/wp\/v2\/posts\/4759","targetHints":{"allow":["GET"]}}],"collection":[{"href":"https:\/\/partediario.com.ar\/index.php?rest_route=\/wp\/v2\/posts"}],"about":[{"href":"https:\/\/partediario.com.ar\/index.php?rest_route=\/wp\/v2\/types\/post"}],"author":[{"embeddable":true,"href":"https:\/\/partediario.com.ar\/index.php?rest_route=\/wp\/v2\/users\/2"}],"replies":[{"embeddable":true,"href":"https:\/\/partediario.com.ar\/index.php?rest_route=%2Fwp%2Fv2%2Fcomments&post=4759"}],"version-history":[{"count":1,"href":"https:\/\/partediario.com.ar\/index.php?rest_route=\/wp\/v2\/posts\/4759\/revisions"}],"predecessor-version":[{"id":4762,"href":"https:\/\/partediario.com.ar\/index.php?rest_route=\/wp\/v2\/posts\/4759\/revisions\/4762"}],"wp:featuredmedia":[{"embeddable":true,"href":"https:\/\/partediario.com.ar\/index.php?rest_route=\/wp\/v2\/media\/4760"}],"wp:attachment":[{"href":"https:\/\/partediario.com.ar\/index.php?rest_route=%2Fwp%2Fv2%2Fmedia&parent=4759"}],"wp:term":[{"taxonomy":"category","embeddable":true,"href":"https:\/\/partediario.com.ar\/index.php?rest_route=%2Fwp%2Fv2%2Fcategories&post=4759"},{"taxonomy":"post_tag","embeddable":true,"href":"https:\/\/partediario.com.ar\/index.php?rest_route=%2Fwp%2Fv2%2Ftags&post=4759"}],"curies":[{"name":"wp","href":"https:\/\/api.w.org\/{rel}","templated":true}]}}