{"id":4763,"date":"2024-07-19T15:43:22","date_gmt":"2024-07-19T18:43:22","guid":{"rendered":"https:\/\/partediario.com.ar\/?p=4763"},"modified":"2024-07-19T15:43:23","modified_gmt":"2024-07-19T18:43:23","slug":"piden-remover-al-diputado-nacional-de-la-libertad-avanza-por-entre-rios-beltran-benedit","status":"publish","type":"post","link":"https:\/\/partediario.com.ar\/?p=4763","title":{"rendered":"Piden remover al diputado nacional de la Libertad Avanza por Entre R\u00edos Beltr\u00e1n Benedit"},"content":{"rendered":"\n<p><strong>El diputado nacional por La Libertad Avanza, \u00fanico de Entre R\u00edos por esa fuerza, visit\u00f3 a genocidas condenados en la c\u00e1rcel en Ezeiza y exigen retirarlo de su banca.<\/strong><\/p>\n\n\n\n<p>Se suman m\u00e1s repudios el accionar de legisladores \u00abmileistas\u00bb luego de la visita al penal de Ezeiza. Desde el Colectivo Mario Bosch de Abogadas\/os en causas de lesa humanidad solicitaron este jueves la remoci\u00f3n por inhabilidad moral a los seis diputados nacionales de La Libertad Avanza que visitaron institucionalmente a genocidas condenados. Adem\u00e1s, solicitaron informaci\u00f3n p\u00fablica al ministerio de Patricia Bullrich.<\/p>\n\n\n\n<p>Entre los denunciados se encuentra el diputado de La Libertad Avanza por Entre R\u00edos, Beltr\u00e1n Benedit.<\/p>\n\n\n\n<p>La presentaci\u00f3n pide que se inicie un proceso de remoci\u00f3n para Beltr\u00e1n Benedit y para Guillermo Montenegro, Lourdes Arrieta, Mar\u00eda Fernanda Araujo, Roc\u00edo Bonacci y Alida Ferreyra a partir del art\u00edculo 66 de la Constituci\u00f3n Nacional que establece que con dos tercios de votos es posible remover a cualquiera de sus miembros por desorden de conducta en el ejercicio de sus funciones, o removerlo por inhabilidad f\u00edsica o moral sobreviniente a su incorporaci\u00f3n.<\/p>\n\n\n\n<p>El abogado de derechos humanos Pablo Llonto manifest\u00f3: \u00abNadie los vot\u00f3 para ir a abrazarse con genocidas. Por eso es una verg\u00fcenza que no est\u00e9n pidiendo disculpas\u201d. \u201cNuestra democracia no puede ni debe tolerar que un grupo de diputados elogie a asesinos, torturadores y golpistas con total descaro\u201d, a\u00f1adi\u00f3.<\/p>\n\n\n\n<p>Adem\u00e1s destac\u00f3 que \u201clas sanciones no s\u00f3lo deben tomarse en la propia C\u00e1mara, todo el arco pol\u00edtico debe inmediatamente repudiarlos. Y al diputado Benedit que ha escrito en las redes sociales una catarata de mentiras, en su partido deber\u00edan ense\u00f1arle que hay m\u00e1s de 300 condenas en todo el pa\u00eds, a lo largo de 40 a\u00f1os, que han se\u00f1alado que aqu\u00ed no hubo una guerra sino un plan de exterminio llevado adelante por los Astiz y los Guglielminetti que \u00e9l tanto ama\u00bb.<\/p>\n\n\n\n<p>Desde el Colectivo Mario Bosch se solicit\u00f3 adem\u00e1s al Ministerio de Seguridad de la Naci\u00f3n, que encabeza Patricia Bullrich, un pedido de acceso a la informaci\u00f3n p\u00fablica para verificar en qu\u00e9 horario se hizo la visita y qui\u00e9nes m\u00e1s adem\u00e1s de los diputados acudieron a la Unidad Penitenciaria donde se encuentran cumpliendo condena los genocidas.<\/p>\n\n\n\n<p>Este colectivo de abogados con m\u00e1s de una d\u00e9cada de existencia es parte activa en el impulso de procesos judiciales que se llevan adelante en todo el pa\u00eds sobre delitos de lesa humanidad en la \u00faltima dictadura c\u00edvico \u2013 militar. Desde ah\u00ed argumentan que esta visita \u201cdebe leerse como parte del discurso y pol\u00edtica negacionista del actual gobierno nacional con el objetivo de frenar la verdad, memoria y justicia en nuestro pa\u00eds\u201d.<\/p>\n\n\n\n<p>Ocurre que los ex militares visitados por los legisladores fueron condenados a prisi\u00f3n perpetua por delitos de lesa humanidad y por tal motivo la justicia les rechaz\u00f3 cada solicitud de domiciliaria, aunque superen los 70 a\u00f1os de edad. Desde la asunci\u00f3n de Javier Milei, se sucedieron distintos gestos oficiales contradictorios con los consensos logrados en 1984 a partir del Nunca M\u00e1s, del que en septiembre se cumplen 40 a\u00f1os.<\/p>\n\n\n\n<p>La \u00faltima vez que se habl\u00f3 de \u201cinhabilidad moral\u201d en el Congreso nacional fue en 2022 tras un proyecto que presentaron diputadas del Frente de Todos (FdT) para excluir del cuerpo a Gerardo Milman del PRO, seg\u00fan lo dispuesto por el art\u00edculo 66 de la Constituci\u00f3n Nacional, a partir de su supuesta vinculaci\u00f3n con el intento de magnicidio contra la vicepresidenta Cristina Fern\u00e1ndez de Kirchner. La iniciativa hab\u00eda girado a la Comisi\u00f3n de Peticiones, Poderes y Reglamento, la cual encabezaba en ese momento la kirchnerista Paula Penacca.<\/p>\n","protected":false},"excerpt":{"rendered":"<p>El diputado nacional por La Libertad Avanza, &uacute;nico de Entre R&iacute;os por esa fuerza, visit&oacute; a genocidas condenados en la c&aacute;rcel en Ezeiza y exigen retirarlo de su banca. Se suman m&aacute;s repudios el accionar de legisladores &laquo;mileistas&raquo; luego de la visita al penal de Ezeiza. Desde el Colectivo Mario Bosch de Abogadas\/os en causas [&hellip;]<\/p>\n","protected":false},"author":2,"featured_media":4764,"comment_status":"open","ping_status":"open","sticky":false,"template":"","format":"standard","meta":{"footnotes":""},"categories":[5,176,8],"tags":[1915,310,1917,1918,232,1032,1919,1916],"class_list":["post-4763","post","type-post","status-publish","format-standard","has-post-thumbnail","hentry","category-nacionales","category-politica","category-provinciales","tag-beltran-benedit","tag-diputados","tag-ezeiza","tag-genocidas","tag-javier-milei","tag-la-libertad-avanza","tag-mario-bosch","tag-remocion"],"_links":{"self":[{"href":"https:\/\/partediario.com.ar\/index.php?rest_route=\/wp\/v2\/posts\/4763","targetHints":{"allow":["GET"]}}],"collection":[{"href":"https:\/\/partediario.com.ar\/index.php?rest_route=\/wp\/v2\/posts"}],"about":[{"href":"https:\/\/partediario.com.ar\/index.php?rest_route=\/wp\/v2\/types\/post"}],"author":[{"embeddable":true,"href":"https:\/\/partediario.com.ar\/index.php?rest_route=\/wp\/v2\/users\/2"}],"replies":[{"embeddable":true,"href":"https:\/\/partediario.com.ar\/index.php?rest_route=%2Fwp%2Fv2%2Fcomments&post=4763"}],"version-history":[{"count":1,"href":"https:\/\/partediario.com.ar\/index.php?rest_route=\/wp\/v2\/posts\/4763\/revisions"}],"predecessor-version":[{"id":4765,"href":"https:\/\/partediario.com.ar\/index.php?rest_route=\/wp\/v2\/posts\/4763\/revisions\/4765"}],"wp:featuredmedia":[{"embeddable":true,"href":"https:\/\/partediario.com.ar\/index.php?rest_route=\/wp\/v2\/media\/4764"}],"wp:attachment":[{"href":"https:\/\/partediario.com.ar\/index.php?rest_route=%2Fwp%2Fv2%2Fmedia&parent=4763"}],"wp:term":[{"taxonomy":"category","embeddable":true,"href":"https:\/\/partediario.com.ar\/index.php?rest_route=%2Fwp%2Fv2%2Fcategories&post=4763"},{"taxonomy":"post_tag","embeddable":true,"href":"https:\/\/partediario.com.ar\/index.php?rest_route=%2Fwp%2Fv2%2Ftags&post=4763"}],"curies":[{"name":"wp","href":"https:\/\/api.w.org\/{rel}","templated":true}]}}