{"id":4804,"date":"2024-07-21T08:53:55","date_gmt":"2024-07-21T11:53:55","guid":{"rendered":"https:\/\/partediario.com.ar\/?p=4804"},"modified":"2024-07-21T08:53:56","modified_gmt":"2024-07-21T11:53:56","slug":"clima-en-entre-rios-se-pronostican-lluvias-en-una-zonas-de-la-provincia-para-este-domingo","status":"publish","type":"post","link":"https:\/\/partediario.com.ar\/?p=4804","title":{"rendered":"Clima en Entre R\u00edos: se pronostican lluvias en una zonas de la provincia para este domingo"},"content":{"rendered":"\n<h3 class=\"wp-block-heading\">De acuerdo al Servicio Meteorol\u00f3gico Nacional, se espera un domingo con inestabilidades en la provincia.<\/h3>\n\n\n\n<p>Despu\u00e9s de un s\u00e1bado inestable, fr\u00edo y nublado, se pronostica un domingo con condiciones similares en la provincia. En algunas zonas, incluso, se anuncian lluvias. As\u00ed estar\u00e1 el tiempo, de acuerdo a datos proporcionados por el Servicio Meteorol\u00f3gico Nacional (SMN).<\/p>\n\n\n\n<p>En Paran\u00e1 se esperan 10 grados de m\u00ednima y 17 grados de m\u00e1xima. En la capital y alrededores habr\u00e1 neblina por la ma\u00f1ana y cielo mayormente nublado por la tarde y noche. No llover\u00e1.<\/p>\n\n\n\n<p>Mientras que en Concordia, por su lado, se aguarda un term\u00f3metro oscilando entre los 13 grados y los 23 grados. No se registrar\u00e1n precipitaciones, pero el d\u00eda se presentar\u00e1 cubierto.<\/p>\n\n\n\n<p>En Gualeguaych\u00fa, se pronostican 10 de temperatura m\u00ednima y 18 de m\u00e1xima. Habr\u00eda lloviznas a primera hora de la jornada, que cesar\u00edan y le dar\u00edan paso a un cielo mayormente nublado lo que resta del d\u00eda.<\/p>\n\n\n\n<p><\/p>\n\n\n\n<p><strong>Clima en las principales ciudades entrerrianas<\/strong><\/p>\n\n\n\n<p><\/p>\n\n\n\n<figure class=\"wp-block-image size-full\"><img loading=\"lazy\" decoding=\"async\" width=\"681\" height=\"557\" src=\"https:\/\/partediario.com.ar\/wp-content\/uploads\/scrnli_21_7_2024_8-52-23.png\" alt=\"\" class=\"wp-image-4805\" srcset=\"https:\/\/partediario.com.ar\/wp-content\/uploads\/scrnli_21_7_2024_8-52-23.png 681w, https:\/\/partediario.com.ar\/wp-content\/uploads\/scrnli_21_7_2024_8-52-23-300x245.png 300w\" sizes=\"auto, (max-width: 681px) 100vw, 681px\" \/><\/figure>\n","protected":false},"excerpt":{"rendered":"<p>De acuerdo al Servicio Meteorol&oacute;gico Nacional, se espera un domingo con inestabilidades en la provincia. Despu&eacute;s de un s&aacute;bado inestable, fr&iacute;o y nublado, se pronostica un domingo con condiciones similares en la provincia. En algunas zonas, incluso, se anuncian lluvias. As&iacute; estar&aacute; el tiempo, de acuerdo a datos proporcionados por el Servicio Meteorol&oacute;gico Nacional (SMN). [&hellip;]<\/p>\n","protected":false},"author":2,"featured_media":4806,"comment_status":"open","ping_status":"open","sticky":false,"template":"","format":"standard","meta":{"footnotes":""},"categories":[8,726],"tags":[267,257],"class_list":["post-4804","post","type-post","status-publish","format-standard","has-post-thumbnail","hentry","category-provinciales","category-sociedad","tag-clima","tag-entre-rios"],"_links":{"self":[{"href":"https:\/\/partediario.com.ar\/index.php?rest_route=\/wp\/v2\/posts\/4804","targetHints":{"allow":["GET"]}}],"collection":[{"href":"https:\/\/partediario.com.ar\/index.php?rest_route=\/wp\/v2\/posts"}],"about":[{"href":"https:\/\/partediario.com.ar\/index.php?rest_route=\/wp\/v2\/types\/post"}],"author":[{"embeddable":true,"href":"https:\/\/partediario.com.ar\/index.php?rest_route=\/wp\/v2\/users\/2"}],"replies":[{"embeddable":true,"href":"https:\/\/partediario.com.ar\/index.php?rest_route=%2Fwp%2Fv2%2Fcomments&post=4804"}],"version-history":[{"count":1,"href":"https:\/\/partediario.com.ar\/index.php?rest_route=\/wp\/v2\/posts\/4804\/revisions"}],"predecessor-version":[{"id":4807,"href":"https:\/\/partediario.com.ar\/index.php?rest_route=\/wp\/v2\/posts\/4804\/revisions\/4807"}],"wp:featuredmedia":[{"embeddable":true,"href":"https:\/\/partediario.com.ar\/index.php?rest_route=\/wp\/v2\/media\/4806"}],"wp:attachment":[{"href":"https:\/\/partediario.com.ar\/index.php?rest_route=%2Fwp%2Fv2%2Fmedia&parent=4804"}],"wp:term":[{"taxonomy":"category","embeddable":true,"href":"https:\/\/partediario.com.ar\/index.php?rest_route=%2Fwp%2Fv2%2Fcategories&post=4804"},{"taxonomy":"post_tag","embeddable":true,"href":"https:\/\/partediario.com.ar\/index.php?rest_route=%2Fwp%2Fv2%2Ftags&post=4804"}],"curies":[{"name":"wp","href":"https:\/\/api.w.org\/{rel}","templated":true}]}}