{"id":4812,"date":"2024-07-21T09:43:52","date_gmt":"2024-07-21T12:43:52","guid":{"rendered":"https:\/\/partediario.com.ar\/?p=4812"},"modified":"2024-07-21T10:03:19","modified_gmt":"2024-07-21T13:03:19","slug":"finaliza-el-receso-escolar-de-invierno-en-entre-rios-y-santa-fe","status":"publish","type":"post","link":"https:\/\/partediario.com.ar\/?p=4812","title":{"rendered":"Finaliza el receso escolar de invierno en Entre R\u00edos y Santa Fe"},"content":{"rendered":"\n<p><strong>El receso invernal este a\u00f1o fue del 8 al 19 de julio en 12 provincias.<\/strong><\/p>\n\n\n\n<p>Llega a su fin este domingo el receso invernal en las escuelas y los alumnos deber\u00e1n regresar a clases en Entre R\u00edos y Santa Fe. En otras provincias, las vacaciones de invierno seguir\u00e1n hasta el 26 de julio.<\/p>\n\n\n\n<p>Cabe recordar que en Paran\u00e1, se llevar\u00e1n a cabo operativos de seguridad especiales para el festejo estudiantil de \u201cUVI\u201d (\u00daltimas Vacaciones de Invierno).<\/p>\n\n\n\n<p><strong>Calendario Escolar 2024: cu\u00e1ndo finalizan las clases<\/strong><\/p>\n\n\n\n<p>El a\u00f1o escolar llegar\u00e1 a su fin el viernes 20 de diciembre en Entre R\u00edos. As\u00ed ser\u00e1 tambi\u00e9n en la Ciudad y Provincia de Buenos Aires, Chaco, Corrientes, Formosa, La Pampa, Misiones, Neuqu\u00e9n, R\u00edo Negro, San Juan, Santiago del Estero y Tierra del Fuego.<\/p>\n\n\n\n<p>Mientras que en Santa Fe finalizar\u00e1n el viernes 13 de diciembre, al igual que en Catamarca, C\u00f3rdoba, Jujuy, La Rioja y Mendoza. El 17 de diciembre ser\u00e1 el cierre del ciclo lectivo en Santa Cruz. En tanto, Tucum\u00e1n culminar\u00e1 su agenda educativa el mi\u00e9rcoles 18. Chubut, Salta y San Luis har\u00e1n lo mismo el jueves 19.<\/p>\n","protected":false},"excerpt":{"rendered":"<p>El receso invernal este a&ntilde;o fue del 8 al 19 de julio en 12 provincias. Llega a su fin este domingo el receso invernal en las escuelas y los alumnos deber&aacute;n regresar a clases en Entre R&iacute;os y Santa Fe. En otras provincias, las vacaciones de invierno seguir&aacute;n hasta el 26 de julio. Cabe recordar [&hellip;]<\/p>\n","protected":false},"author":2,"featured_media":4815,"comment_status":"open","ping_status":"open","sticky":false,"template":"","format":"standard","meta":{"footnotes":""},"categories":[5,8,726],"tags":[1911,257,1941,1940,1106],"class_list":["post-4812","post","type-post","status-publish","format-standard","has-post-thumbnail","hentry","category-nacionales","category-provinciales","category-sociedad","tag-clases","tag-entre-rios","tag-invernal","tag-receso","tag-santa-fe-2"],"_links":{"self":[{"href":"https:\/\/partediario.com.ar\/index.php?rest_route=\/wp\/v2\/posts\/4812","targetHints":{"allow":["GET"]}}],"collection":[{"href":"https:\/\/partediario.com.ar\/index.php?rest_route=\/wp\/v2\/posts"}],"about":[{"href":"https:\/\/partediario.com.ar\/index.php?rest_route=\/wp\/v2\/types\/post"}],"author":[{"embeddable":true,"href":"https:\/\/partediario.com.ar\/index.php?rest_route=\/wp\/v2\/users\/2"}],"replies":[{"embeddable":true,"href":"https:\/\/partediario.com.ar\/index.php?rest_route=%2Fwp%2Fv2%2Fcomments&post=4812"}],"version-history":[{"count":1,"href":"https:\/\/partediario.com.ar\/index.php?rest_route=\/wp\/v2\/posts\/4812\/revisions"}],"predecessor-version":[{"id":4814,"href":"https:\/\/partediario.com.ar\/index.php?rest_route=\/wp\/v2\/posts\/4812\/revisions\/4814"}],"wp:featuredmedia":[{"embeddable":true,"href":"https:\/\/partediario.com.ar\/index.php?rest_route=\/wp\/v2\/media\/4815"}],"wp:attachment":[{"href":"https:\/\/partediario.com.ar\/index.php?rest_route=%2Fwp%2Fv2%2Fmedia&parent=4812"}],"wp:term":[{"taxonomy":"category","embeddable":true,"href":"https:\/\/partediario.com.ar\/index.php?rest_route=%2Fwp%2Fv2%2Fcategories&post=4812"},{"taxonomy":"post_tag","embeddable":true,"href":"https:\/\/partediario.com.ar\/index.php?rest_route=%2Fwp%2Fv2%2Ftags&post=4812"}],"curies":[{"name":"wp","href":"https:\/\/api.w.org\/{rel}","templated":true}]}}