{"id":4816,"date":"2024-07-21T10:08:58","date_gmt":"2024-07-21T13:08:58","guid":{"rendered":"https:\/\/partediario.com.ar\/?p=4816"},"modified":"2024-07-21T10:08:59","modified_gmt":"2024-07-21T13:08:59","slug":"frigerio-visito-la-exposicion-rural-de-palermo-que-reune-a-44-empresas-entrerrianas","status":"publish","type":"post","link":"https:\/\/partediario.com.ar\/?p=4816","title":{"rendered":"Frigerio visit\u00f3 la Exposici\u00f3n Rural de Palermo que re\u00fane a 44 empresas entrerrianas"},"content":{"rendered":"\n<p><strong>Con la participaci\u00f3n de 44 empresas y m\u00e1s de 100 artistas en escena, la provincia de Entre R\u00edos marca presencia en la 136\u00ba Exposici\u00f3n Rural que se realiza en el predio ferial de Palermo. Hasta all\u00ed lleg\u00f3, este viernes, el gobernador Rogelio Frigerio.<\/strong><\/p>\n\n\n\n<p>Junto al ministro de Desarrollo Econ\u00f3mico, Guillermo Bernaudo, el primer mandatario entrerriano visit\u00f3 este viernes la importante muestra, que se desarrolla del 18 al 28 de julio, y all\u00ed salud\u00f3 al presidente de la Sociedad Rural, Nicol\u00e1s Pino.<\/p>\n\n\n\n<p>El secretario de Turismo, Jorge Satto, se sum\u00f3 a la recorrida por los stands pertenecientes a la provincia y que fueron destinados por el gobierno, sin costo alguno, para que las empresas pudieran realizar la exposici\u00f3n, degustaci\u00f3n y venta de sus productos.<\/p>\n\n\n\n<p><\/p>\n\n\n\n<figure class=\"wp-block-image size-large\"><img loading=\"lazy\" decoding=\"async\" width=\"1024\" height=\"682\" src=\"https:\/\/partediario.com.ar\/wp-content\/uploads\/Rural-2-1-1024x682.jpg\" alt=\"\" class=\"wp-image-4817\" srcset=\"https:\/\/partediario.com.ar\/wp-content\/uploads\/Rural-2-1-1024x682.jpg 1024w, https:\/\/partediario.com.ar\/wp-content\/uploads\/Rural-2-1-300x200.jpg 300w, https:\/\/partediario.com.ar\/wp-content\/uploads\/Rural-2-1-768x512.jpg 768w, https:\/\/partediario.com.ar\/wp-content\/uploads\/Rural-2-1.jpg 1400w\" sizes=\"auto, (max-width: 1024px) 100vw, 1024px\" \/><\/figure>\n\n\n\n<p><\/p>\n\n\n\n<p><strong>Presencia entrerriana<\/strong><\/p>\n\n\n\n<p>La provincia despliega su diversidad productiva y cultural en la muestra agroecon\u00f3mica m\u00e1s emblem\u00e1tica del pa\u00eds. Son 44 las empresas entrerrianas que se har\u00e1n presentes, pertenecientes a los rubros alimentos, bebidas, textiles, artesan\u00edas, dise\u00f1o y arte. Habr\u00e1 adem\u00e1s, una amplia cartelera cultural, con espect\u00e1culos musicales, comparsas y comidas tradicionales.<\/p>\n\n\n\n<p>Bajo la organizaci\u00f3n del Ministerio de Desarrollo Econ\u00f3mico y la Secretar\u00eda de Turismo, las empresas mostrar\u00e1n sus productos en los 14 stands disponibles.<\/p>\n","protected":false},"excerpt":{"rendered":"<p>Con la participaci&oacute;n de 44 empresas y m&aacute;s de 100 artistas en escena, la provincia de Entre R&iacute;os marca presencia en la 136&ordm; Exposici&oacute;n Rural que se realiza en el predio ferial de Palermo. Hasta all&iacute; lleg&oacute;, este viernes, el gobernador Rogelio Frigerio. Junto al ministro de Desarrollo Econ&oacute;mico, Guillermo Bernaudo, el primer mandatario entrerriano [&hellip;]<\/p>\n","protected":false},"author":2,"featured_media":4818,"comment_status":"open","ping_status":"open","sticky":false,"template":"","format":"standard","meta":{"footnotes":""},"categories":[8,726],"tags":[257,245,1942,996],"class_list":["post-4816","post","type-post","status-publish","format-standard","has-post-thumbnail","hentry","category-provinciales","category-sociedad","tag-entre-rios","tag-rogelio-frigerio","tag-rural","tag-visita"],"_links":{"self":[{"href":"https:\/\/partediario.com.ar\/index.php?rest_route=\/wp\/v2\/posts\/4816","targetHints":{"allow":["GET"]}}],"collection":[{"href":"https:\/\/partediario.com.ar\/index.php?rest_route=\/wp\/v2\/posts"}],"about":[{"href":"https:\/\/partediario.com.ar\/index.php?rest_route=\/wp\/v2\/types\/post"}],"author":[{"embeddable":true,"href":"https:\/\/partediario.com.ar\/index.php?rest_route=\/wp\/v2\/users\/2"}],"replies":[{"embeddable":true,"href":"https:\/\/partediario.com.ar\/index.php?rest_route=%2Fwp%2Fv2%2Fcomments&post=4816"}],"version-history":[{"count":1,"href":"https:\/\/partediario.com.ar\/index.php?rest_route=\/wp\/v2\/posts\/4816\/revisions"}],"predecessor-version":[{"id":4819,"href":"https:\/\/partediario.com.ar\/index.php?rest_route=\/wp\/v2\/posts\/4816\/revisions\/4819"}],"wp:featuredmedia":[{"embeddable":true,"href":"https:\/\/partediario.com.ar\/index.php?rest_route=\/wp\/v2\/media\/4818"}],"wp:attachment":[{"href":"https:\/\/partediario.com.ar\/index.php?rest_route=%2Fwp%2Fv2%2Fmedia&parent=4816"}],"wp:term":[{"taxonomy":"category","embeddable":true,"href":"https:\/\/partediario.com.ar\/index.php?rest_route=%2Fwp%2Fv2%2Fcategories&post=4816"},{"taxonomy":"post_tag","embeddable":true,"href":"https:\/\/partediario.com.ar\/index.php?rest_route=%2Fwp%2Fv2%2Ftags&post=4816"}],"curies":[{"name":"wp","href":"https:\/\/api.w.org\/{rel}","templated":true}]}}