{"id":4836,"date":"2024-07-21T11:29:03","date_gmt":"2024-07-21T14:29:03","guid":{"rendered":"https:\/\/partediario.com.ar\/?p=4836"},"modified":"2024-07-21T11:29:04","modified_gmt":"2024-07-21T14:29:04","slug":"elecciones-en-estados-unidos-se-baja-biden-de-su-candidatura-crecen-los-rumores","status":"publish","type":"post","link":"https:\/\/partediario.com.ar\/?p=4836","title":{"rendered":"Elecciones en Estados Unidos: \u00bf Se baja Biden de su candidatura ? Crecen los rumores"},"content":{"rendered":"\n<p><strong>El actual jefe de Estado se encuentra aislado con Covid-19 y su vice, Kalama Harris, encabezar\u00e1 una recaudaci\u00f3n de fondos. El rumor es que la candidata ser\u00e1 ella.<\/strong><\/p>\n\n\n\n<p>A pesar de su voluntad de continuar en la carrera presidencial, los furcios en sus \u00faltimas apariciones p\u00fablicas y el deterioro del estado de su salud complican el camino de Joe Biden hacia las elecciones del 5 noviembre en Estados Unidos, donde competir\u00eda contra el exmandatario y empresario Donald Trump. Es en ese contexto empieza a tomar fuerza la candidatura de la actual vicepresidenta, Kamala Harris.<\/p>\n\n\n\n<p>Este s\u00e1bado, Harris (59 a\u00f1os) encabezar\u00e1 una ceremonia de recaudaci\u00f3n de fondos en la localidad de Provincetown, en el estado de Massachusetts. La expectativa de la organizaci\u00f3n dem\u00f3crata es congregar a unas 800 personas y conseguir u$s2 millones destinados a la campa\u00f1a.<\/p>\n\n\n\n<p>El acto se realiza antes que Joe Biden (81 a\u00f1os) postergara sus compromisos de campa\u00f1a tras haber sido diagnosticado con Covid-19 positivo y en medio de la presi\u00f3n de los donantes, celebridades e incluso de un grupo de 35 congresistas dem\u00f3cratas para que d\u00e9 un paso al costado en sus intenciones de reelecci\u00f3n. El m\u00e9dico personal del Presidente, quien se encuentra aislado en su casa de Delaware, comunic\u00f3 que contin\u00faa con s\u00edntomas leves pero sus signos vitales son normales y sigue asumiendo sus funciones como presidente.<\/p>\n\n\n\n<p>En medio de todo tipo de rumores, el Centro de Investigaci\u00f3n de Asuntos P\u00fablicos AP-NORC realiz\u00f3 una encuesta entre votantes dem\u00f3cratas y estimaron un cifra cercana al 60% de aprobaci\u00f3n a una eventual gesti\u00f3n de Kamala Harris. Menos del 20% present\u00f3 su rechazo mientras que un n\u00famero similar se expres\u00f3 indiferente: su apoyo es mayor entre los estadounidenses afroamericanos y las mujeres, mientras que disminuye entre los hombres blancos e hispanos.<\/p>\n\n\n\n<p>Otros nombres consultados por el estudio, aunque con menor popularidad o aprobaci\u00f3n, fueron Gavin Newsom (gobernador de California) y Gretchen Whitmer (gobernadora de Michigan). Desde el propio entorno de Biden indicaron que \u201cest\u00e1 pensando muy seriamente\u201d en bajar su candidatura: \u201cEst\u00e1 haciendo un examen de conciencia, lo s\u00e9 a ciencia cierta\u201d, destacaron.<\/p>\n","protected":false},"excerpt":{"rendered":"<p>El actual jefe de Estado se encuentra aislado con Covid-19 y su vice, Kalama Harris, encabezar&aacute; una recaudaci&oacute;n de fondos. El rumor es que la candidata ser&aacute; ella. A pesar de su voluntad de continuar en la carrera presidencial, los furcios en sus &uacute;ltimas apariciones p&uacute;blicas y el deterioro del estado de su salud complican [&hellip;]<\/p>\n","protected":false},"author":2,"featured_media":4837,"comment_status":"open","ping_status":"open","sticky":false,"template":"","format":"standard","meta":{"footnotes":""},"categories":[9,176],"tags":[1955,467,340,1954],"class_list":["post-4836","post","type-post","status-publish","format-standard","has-post-thumbnail","hentry","category-internacionales","category-politica","tag-elecciones","tag-estados-unidos","tag-joe-biden","tag-kamala-harris"],"_links":{"self":[{"href":"https:\/\/partediario.com.ar\/index.php?rest_route=\/wp\/v2\/posts\/4836","targetHints":{"allow":["GET"]}}],"collection":[{"href":"https:\/\/partediario.com.ar\/index.php?rest_route=\/wp\/v2\/posts"}],"about":[{"href":"https:\/\/partediario.com.ar\/index.php?rest_route=\/wp\/v2\/types\/post"}],"author":[{"embeddable":true,"href":"https:\/\/partediario.com.ar\/index.php?rest_route=\/wp\/v2\/users\/2"}],"replies":[{"embeddable":true,"href":"https:\/\/partediario.com.ar\/index.php?rest_route=%2Fwp%2Fv2%2Fcomments&post=4836"}],"version-history":[{"count":1,"href":"https:\/\/partediario.com.ar\/index.php?rest_route=\/wp\/v2\/posts\/4836\/revisions"}],"predecessor-version":[{"id":4838,"href":"https:\/\/partediario.com.ar\/index.php?rest_route=\/wp\/v2\/posts\/4836\/revisions\/4838"}],"wp:featuredmedia":[{"embeddable":true,"href":"https:\/\/partediario.com.ar\/index.php?rest_route=\/wp\/v2\/media\/4837"}],"wp:attachment":[{"href":"https:\/\/partediario.com.ar\/index.php?rest_route=%2Fwp%2Fv2%2Fmedia&parent=4836"}],"wp:term":[{"taxonomy":"category","embeddable":true,"href":"https:\/\/partediario.com.ar\/index.php?rest_route=%2Fwp%2Fv2%2Fcategories&post=4836"},{"taxonomy":"post_tag","embeddable":true,"href":"https:\/\/partediario.com.ar\/index.php?rest_route=%2Fwp%2Fv2%2Ftags&post=4836"}],"curies":[{"name":"wp","href":"https:\/\/api.w.org\/{rel}","templated":true}]}}