{"id":4846,"date":"2024-07-21T18:25:18","date_gmt":"2024-07-21T21:25:18","guid":{"rendered":"https:\/\/partediario.com.ar\/?p=4846"},"modified":"2024-07-21T18:25:19","modified_gmt":"2024-07-21T21:25:19","slug":"cortes-de-calle-y-cambios-de-sentido-por-obras-en-la-terminal-de-omnibus-de-parana","status":"publish","type":"post","link":"https:\/\/partediario.com.ar\/?p=4846","title":{"rendered":"Cortes de calle y cambios de sentido por obras en la Terminal de \u00d3mnibus de Paran\u00e1"},"content":{"rendered":"\n<p><strong>Se modificar\u00e1n sentidos de circulaci\u00f3n, habr\u00e1 cortes de calle y prohibici\u00f3n al estacionamiento en la zona de la Terminal de \u00d3mnibus de Paran\u00e1.<\/strong><\/p>\n\n\n\n<p>La Municipalidad de Paran\u00e1 dio a conocer los trabajos que se realizar\u00e1n durante los pr\u00f3ximos d\u00edas en la zona de la Terminal de \u00d3mnibus. Por este motivo, habr\u00e1 cortes de calles, cambio en el sentido de circulaci\u00f3n y prohibiciones al estacionamiento.<\/p>\n\n\n\n<p>Desde el martes 23 de julio, no se podr\u00e1 estacionar durante las 24 horas en las calles Ant\u00e1rtida Argentina, entre Ru\u00edz Moreno y Echag\u00fce; Ru\u00edz Moreno, entre Alsina y Ant\u00e1rtida Argentina y Remedios de Escalada, entre Alsina y Ram\u00edrez.<\/p>\n\n\n\n<p>Se garantizar\u00e1 la entrada y salida de los veh\u00edculos de la zona en obra a sus respectivos estacionamientos, los autom\u00f3viles que se encuentren en la zona de obra, sin autorizaci\u00f3n, ser\u00e1n removidos.<\/p>\n\n\n\n<p>En la primera etapa de la obra, los trabajos se realizar\u00e1n en las calles Ant\u00e1rtida Argentina, Ru\u00edz Moreno y Remedios de Escalada y consistir\u00e1n en construcci\u00f3n de nuevas c\u00e1maras y conductos pluviales, badenes, pavimentos y reparaci\u00f3n e instalaci\u00f3n de conexiones domiciliarias afectadas.<\/p>\n\n\n\n<p>Estas tareas se realizar\u00e1n en constante coordinaci\u00f3n entre el Municipio y la empresa Terminal Pacheco SA que se encargar\u00e1 brindar el servicio de administraci\u00f3n general y explotaci\u00f3n comercial, adem\u00e1s de realizar mejoras edilicias e incorporar tecnolog\u00eda en la Terminal de \u00f3mnibus.<\/p>\n\n\n\n<p>Desde el municipio solicitan a peatones y conductores, circular con precauci\u00f3n y prestar atenci\u00f3n a las indicaciones del personal de tr\u00e1nsito municipal y a la carteler\u00eda de advertencia.<\/p>\n\n\n\n<p><strong>Cambios temporales en el tr\u00e1nsito<\/strong><\/p>\n\n\n\n<p>Ant\u00e1rtida Argentina correr\u00e1 en sentido NORTE \u2013 SUR<\/p>\n\n\n\n<p>Remedios de Escalada correr\u00e1 en sentido ESTE \u2013 OESTE<\/p>\n\n\n\n<p>Prohibidos los giros a la izquierda en Echag\u00fce hacia Ant\u00e1rtida Argentina y Alsina; Ram\u00edrez hacia Remedios de Escalada y Cura \u00c1lvarez hacia Remedios de Escalada.<\/p>\n","protected":false},"excerpt":{"rendered":"<p>Se modificar&aacute;n sentidos de circulaci&oacute;n, habr&aacute; cortes de calle y prohibici&oacute;n al estacionamiento en la zona de la Terminal de &Oacute;mnibus de Paran&aacute;. La Municipalidad de Paran&aacute; dio a conocer los trabajos que se realizar&aacute;n durante los pr&oacute;ximos d&iacute;as en la zona de la Terminal de &Oacute;mnibus. Por este motivo, habr&aacute; cortes de calles, cambio [&hellip;]<\/p>\n","protected":false},"author":2,"featured_media":4847,"comment_status":"open","ping_status":"open","sticky":false,"template":"","format":"standard","meta":{"footnotes":""},"categories":[6,726],"tags":[210,330,1959,265,1663],"class_list":["post-4846","post","type-post","status-publish","format-standard","has-post-thumbnail","hentry","category-locales","category-sociedad","tag-municipalidad","tag-obras","tag-onmibus","tag-parana","tag-terminal-2"],"_links":{"self":[{"href":"https:\/\/partediario.com.ar\/index.php?rest_route=\/wp\/v2\/posts\/4846","targetHints":{"allow":["GET"]}}],"collection":[{"href":"https:\/\/partediario.com.ar\/index.php?rest_route=\/wp\/v2\/posts"}],"about":[{"href":"https:\/\/partediario.com.ar\/index.php?rest_route=\/wp\/v2\/types\/post"}],"author":[{"embeddable":true,"href":"https:\/\/partediario.com.ar\/index.php?rest_route=\/wp\/v2\/users\/2"}],"replies":[{"embeddable":true,"href":"https:\/\/partediario.com.ar\/index.php?rest_route=%2Fwp%2Fv2%2Fcomments&post=4846"}],"version-history":[{"count":1,"href":"https:\/\/partediario.com.ar\/index.php?rest_route=\/wp\/v2\/posts\/4846\/revisions"}],"predecessor-version":[{"id":4848,"href":"https:\/\/partediario.com.ar\/index.php?rest_route=\/wp\/v2\/posts\/4846\/revisions\/4848"}],"wp:featuredmedia":[{"embeddable":true,"href":"https:\/\/partediario.com.ar\/index.php?rest_route=\/wp\/v2\/media\/4847"}],"wp:attachment":[{"href":"https:\/\/partediario.com.ar\/index.php?rest_route=%2Fwp%2Fv2%2Fmedia&parent=4846"}],"wp:term":[{"taxonomy":"category","embeddable":true,"href":"https:\/\/partediario.com.ar\/index.php?rest_route=%2Fwp%2Fv2%2Fcategories&post=4846"},{"taxonomy":"post_tag","embeddable":true,"href":"https:\/\/partediario.com.ar\/index.php?rest_route=%2Fwp%2Fv2%2Ftags&post=4846"}],"curies":[{"name":"wp","href":"https:\/\/api.w.org\/{rel}","templated":true}]}}