{"id":4866,"date":"2024-07-22T10:58:55","date_gmt":"2024-07-22T13:58:55","guid":{"rendered":"https:\/\/partediario.com.ar\/?p=4866"},"modified":"2024-07-22T10:59:01","modified_gmt":"2024-07-22T13:59:01","slug":"el-gobierno-nacional-dara-de-baja-60-000-pensiones-de-anses","status":"publish","type":"post","link":"https:\/\/partediario.com.ar\/?p=4866","title":{"rendered":"El Gobierno nacional dar\u00e1 de baja 60.000 pensiones de Anses"},"content":{"rendered":"\n<p><strong>El vocero presidencial, Manuel Adorni, confirm\u00f3 que se proceder\u00e1 debido a incompatibilidades con los requisitos solicitados.<\/strong><\/p>\n\n\n\n<p>Manuel Adorni, vocero presidencial, inform\u00f3 que el Gobierno eliminar\u00e1 60.000 pensiones de Anses porque no cumplen con los requisitos solicitados y detectaron incompatibilidades.<\/p>\n\n\n\n<p>Las incompatibilidades fueron encontradas tras una auditor\u00eda realizada en la Agencia Nacional de Discapacidad (ANDIS). La auditor\u00eda revel\u00f3 una \u201cactividad fraudulenta a gran escala\u201d con un desv\u00edo de fondos estimado en 3.400 millones de d\u00f3lares solo en el \u00faltimo a\u00f1o. La investigaci\u00f3n fue liderada por el Director Ejecutivo de ANDIS, Diego Spagnuolo, y el Ministro de Salud de la Naci\u00f3n, Mario Russo.<\/p>\n\n\n\n<p>Durante el per\u00edodo de gobiernos entre 2003 y 2015, el n\u00famero de pensiones no contributivas por invalidez laboral aument\u00f3 de 79.000 a 1.000.045. A diciembre de 2023, el total alcanz\u00f3 los 1.222.000 beneficiarios, una cifra \u201cestratosf\u00e9rica que ni siquiera corresponde a pa\u00edses afectados por guerras o cat\u00e1strofes naturales\u201d, dijo Adorni.<\/p>\n\n\n\n<p>Entre las irregularidades encontradas, Adorni precis\u00f3 que la Direcci\u00f3n General de Cultura y Educaci\u00f3n de la provincia de Buenos Aires cuenta con 683 empleados que reciben una pensi\u00f3n por invalidez, de las cuales \u201cel 65%, es decir, pr\u00e1cticamente dos de cada tres, fueron otorgadas en menos de 30 d\u00edas\u201d.<\/p>\n\n\n\n<p>Este viernes, el Gobierno anunci\u00f3 que dar\u00e1 de baja a 60.000 pensiones debido a incompatibilidades con los requisitos establecidos. Manuel Adorni, vocero presidencial, se\u00f1al\u00f3 que estas irregularidades incluyen la posesi\u00f3n de varios autos, propiedades, bienes fuera del pa\u00eds, embarcaciones e incluso aviones privados por parte de algunos beneficiarios.<\/p>\n\n\n\n<p>Adorni agreg\u00f3 que: \u00aba cada persona a la que se le otorg\u00f3 indebidamente una pensi\u00f3n por invalidez tambi\u00e9n se le proporcion\u00f3 el servicio de obra social Incluir Salud, lo que represent\u00f3 una transferencia promedio de 1.5 millones de pesos por afiliado desde el gobierno nacional\u00bb.<\/p>\n\n\n\n<p>\u201cLas pensiones por discapacidad deben estar destinadas exclusivamente a quienes realmente necesitan esta prestaci\u00f3n debido a una discapacidad que les impide trabajar, y no convertirse en un gran negocio o en una caja de recursos\u201d, asever\u00f3 Adorni.<\/p>\n\n\n\n<p>Y alert\u00f3 adem\u00e1s que cada pensi\u00f3n otorgada de manera fraudulenta ser\u00e1 denunciada penalmente. \u201cLa Argentina de la avivada, que es corrupci\u00f3n con el dinero de los contribuyentes, se termin\u00f3 bajo la administraci\u00f3n del presidente Milei\u201d, finaliz\u00f3.<\/p>\n","protected":false},"excerpt":{"rendered":"<p>El vocero presidencial, Manuel Adorni, confirm&oacute; que se proceder&aacute; debido a incompatibilidades con los requisitos solicitados. Manuel Adorni, vocero presidencial, inform&oacute; que el Gobierno eliminar&aacute; 60.000 pensiones de Anses porque no cumplen con los requisitos solicitados y detectaron incompatibilidades. Las incompatibilidades fueron encontradas tras una auditor&iacute;a realizada en la Agencia Nacional de Discapacidad (ANDIS). La [&hellip;]<\/p>\n","protected":false},"author":2,"featured_media":4867,"comment_status":"open","ping_status":"open","sticky":false,"template":"","format":"standard","meta":{"footnotes":""},"categories":[5,7],"tags":[1234,764,646,1902],"class_list":["post-4866","post","type-post","status-publish","format-standard","has-post-thumbnail","hentry","category-nacionales","category-policiales","tag-anses","tag-baja","tag-manuel-adorni","tag-pensiones"],"_links":{"self":[{"href":"https:\/\/partediario.com.ar\/index.php?rest_route=\/wp\/v2\/posts\/4866","targetHints":{"allow":["GET"]}}],"collection":[{"href":"https:\/\/partediario.com.ar\/index.php?rest_route=\/wp\/v2\/posts"}],"about":[{"href":"https:\/\/partediario.com.ar\/index.php?rest_route=\/wp\/v2\/types\/post"}],"author":[{"embeddable":true,"href":"https:\/\/partediario.com.ar\/index.php?rest_route=\/wp\/v2\/users\/2"}],"replies":[{"embeddable":true,"href":"https:\/\/partediario.com.ar\/index.php?rest_route=%2Fwp%2Fv2%2Fcomments&post=4866"}],"version-history":[{"count":1,"href":"https:\/\/partediario.com.ar\/index.php?rest_route=\/wp\/v2\/posts\/4866\/revisions"}],"predecessor-version":[{"id":4868,"href":"https:\/\/partediario.com.ar\/index.php?rest_route=\/wp\/v2\/posts\/4866\/revisions\/4868"}],"wp:featuredmedia":[{"embeddable":true,"href":"https:\/\/partediario.com.ar\/index.php?rest_route=\/wp\/v2\/media\/4867"}],"wp:attachment":[{"href":"https:\/\/partediario.com.ar\/index.php?rest_route=%2Fwp%2Fv2%2Fmedia&parent=4866"}],"wp:term":[{"taxonomy":"category","embeddable":true,"href":"https:\/\/partediario.com.ar\/index.php?rest_route=%2Fwp%2Fv2%2Fcategories&post=4866"},{"taxonomy":"post_tag","embeddable":true,"href":"https:\/\/partediario.com.ar\/index.php?rest_route=%2Fwp%2Fv2%2Ftags&post=4866"}],"curies":[{"name":"wp","href":"https:\/\/api.w.org\/{rel}","templated":true}]}}