{"id":4875,"date":"2024-07-22T14:28:15","date_gmt":"2024-07-22T17:28:15","guid":{"rendered":"https:\/\/partediario.com.ar\/?p=4875"},"modified":"2024-07-22T14:28:16","modified_gmt":"2024-07-22T17:28:16","slug":"la-idea-es-cerrar-un-numero-en-el-dia-de-hoy-expreso-troncoso-en-relacion-a-la-paritaria-docente","status":"publish","type":"post","link":"https:\/\/partediario.com.ar\/?p=4875","title":{"rendered":"\u00abLa idea es cerrar un n\u00famero en el d\u00eda de hoy\u00bb, expres\u00f3 Troncoso en relaci\u00f3n a la paritaria docente"},"content":{"rendered":"\n<p><strong>Luego de la reapertura de la negociaci\u00f3n paritaria docente el viernes pasado, que pas\u00f3 a cuarto intermedio hasta este lunes, a las 17, el Ministro de Gobierno, Manuel Troncoso, se\u00f1al\u00f3 que ve un \u201cbuen escenario\u201d.<\/strong><\/p>\n\n\n\n<p>Las afirmaciones las se\u00f1al\u00f3 a pesar que reconoci\u00f3 que la recaudaci\u00f3n de recursos coparticipables se redujo en un 25 %. \u201cLa idea en un principio no es sostener un acuerdo trimestral o intentar buscarlo. Eso nos dar\u00eda m\u00e1s previsibilidad a todos. Es dif\u00edcil buscar un acuerdo trimestral con una ca\u00edda tan fuerte de recaudaci\u00f3n\u201d, manifest\u00f3<\/p>\n\n\n\n<p>En esa l\u00ednea, explic\u00f3 que ser\u00eda irresponsable buscar un acuerdo hacia adelante para \u201cdespu\u00e9s no poder cumplirlo\u201d. Por ello, apunt\u00f3 m\u00e1s bien a un \u201cacuerdo bimestral\u201d. Eso les permitir\u00eda tener un margen m\u00e1s ajustado respecto de \u201cque se puede cumplir y que no\u201d, se\u00f1al\u00f3. Asimismo, destac\u00f3 que hay voluntad del gobierno de recomponer el deterioro salarial de los \u00faltimos seis meses. \u201cLa idea es cerrar un numero en el d\u00eda de hoy y despu\u00e9s establecer un cronograma de pagos\u201d, precis\u00f3 Troncoso. Hizo referencia adem\u00e1s a la relaci\u00f3n con el gobierno nacional. \u201cNo somos oficialismo. Acompa\u00f1amos mientras se pueda acompa\u00f1ar; mientras no se toquen los intereses dela provincia y no se metan con la soberan\u00eda de nuestros recursos\u201d, apunt\u00f3.<\/p>\n\n\n\n<p>Troncoso, quien mencion\u00f3 que estar\u00e1 presente en la mesa paritario tanto de Educaci\u00f3n como en la de los gremios estatales como ATE y UPCN, subray\u00f3 que las aspiraciones del gobierno pasan por establecer un n\u00famero respecto del deterioro salarial y poder resarcir ese porcentaje en un periodo de dos meses.<\/p>\n\n\n\n<p>Consultado sobre la retracci\u00f3n de los recursos coparticipables, cree que el 25 % es una especie de piso. \u201cMenos no creo\u201d. Pero lo que no est\u00e1 claro es si eso se revertir\u00e1 o seguir\u00e1 de esa forma en los pr\u00f3ximos meses. \u201cEl tema es si es una L o una U\u201d, se\u00f1al\u00f3. Seg\u00fan le indic\u00f3 un economista, los meses de junio y julio suelen ser per\u00edodos de ca\u00edda en la recaudaci\u00f3n que luego tienen a recuperarse. Pero remarc\u00f3 que hasta que \u201cla macro-econom\u00eda no empiece a andar, lo que es responsabilidad de la Naci\u00f3n, no veo que la cosa mejore\u201d.<\/p>\n\n\n\n<p>Troncoso tambi\u00e9n habl\u00f3 de la macro-econom\u00eda, se pregunt\u00f3 \u201c\u00bfA costa de qu\u00e9 hay equilibrio fiscal?\u201d. Troncoso se\u00f1al\u00f3 que el consumo se cay\u00f3 pero no hay inflaci\u00f3n 0. \u201cSigue habiendo cuatro y pico puntos de inflaci\u00f3n, que es un mont\u00f3n. Hay una inflaci\u00f3n n\u00facleo que el gobierno nacional no est\u00e1 pudiendo parar\u201d, apunt\u00f3.<\/p>\n\n\n\n<p>Respecto del gobierno nacional, dijo que el presidente Javier Milei \u201csupo interpretar la demanda de la gente\u201d. Defini\u00f3 como una virtud el poder leer la coyuntura. \u201cPara un pol\u00edtico es muy bueno\u201d, dijo. Tambi\u00e9n subray\u00f3 \u201cla coherencia entre lo que dijo en campa\u00f1a y lo que hace\u201d.<\/p>\n\n\n\n<p>Pero indic\u00f3 que con eso \u201cno alcanza\u201d. \u201cDespu\u00e9s hay que materializar todo tu discurso: lo que sostenes y dec\u00eds\u201d. Y agreg\u00f3: alguien dijo por ah\u00ed que la v\u00edscera m\u00e1s sensible del pueblo es el bolsillo\u201d. \u201cLa gente est\u00e1 contando con mucha paciencia, pero si la macro no funciona, va a estar complicado\u201d. Subray\u00f3 que los objetivos que se propusieron lo lograron como el equilibrio fiscal pero tambi\u00e9n sostuvo que eso \u201cno puede ser un fin en s\u00ed mismo\u201d. \u201cDetr\u00e1s de ese equilibrio fiscal hay personas que son las mismas que te votaron y te sostienen\u201d, dijo. Por ello, sostuvo que debe \u201csensibilizar un poquito m\u00e1s el term\u00f3metro de ida y vuelta con la gente porque si no se le va poner cuesta arriba con la gente\u201d.<\/p>\n\n\n\n<p>En esa misma l\u00ednea, Troncoso precis\u00f3 que fue dif\u00edcil comenzar la gesti\u00f3n \u201csin dinero, sin un gobierno nacional que te sostenga y te inyecte recursos\u201d. Por ende, indic\u00f3 que se tuvieron que \u201cponer creativos\u201d. Apuntaron a mover los resortes para que el Estado \u201csea m\u00e1s \u00e1gil y transparente de cara a los vecinos\u201d. Y mencion\u00f3 varios proyectos presentados, algunos aprobados por la Legislatura como la Ley de \u00c9tica Publica, la Ley de Transici\u00f3n, y otros en ese camino como el de la Reforma Pol\u00edtica para modernizar el sistema actual \u201cque es vetusto ya que data de 1930\u201d.<\/p>\n\n\n\n<p>M\u00e1s adelante, el ministro destac\u00f3 que est\u00e1n encontrando \u201cuna sinton\u00eda\u201d con el gobierno nacional. \u201cEl convenio de la obra p\u00fablica es muy bueno y ahora estamos generando todo para encontrar un acuerdo por viviendas\u201d.<\/p>\n\n\n\n<p>Troncoso argument\u00f3 sobre la decisi\u00f3n del gobierno que integra de darle las herramientas que la Naci\u00f3n requiere para poder gobernar como la adhesi\u00f3n a la Ley Bases. \u201cEs muy dif\u00edcil que un Presidente pueda tener gobernabilidad sin ning\u00fan gobernador sobre 24, en las dos C\u00e1maras en recontra-minor\u00eda\u201d, dijo. No obstante, al mismo tiempo, detall\u00f3 que tambi\u00e9n es una forma de que en alg\u00fan momento deje de buscar excusas. \u201c\u2019Tengo la Ley Bases, el paquete fiscal que necesito\u2019, ahora p\u00f3nganse a gobernar muchachos\u201d, concluy\u00f3.<\/p>\n","protected":false},"excerpt":{"rendered":"<p>Luego de la reapertura de la negociaci&oacute;n paritaria docente el viernes pasado, que pas&oacute; a cuarto intermedio hasta este lunes, a las 17, el Ministro de Gobierno, Manuel Troncoso, se&ntilde;al&oacute; que ve un &ldquo;buen escenario&rdquo;. Las afirmaciones las se&ntilde;al&oacute; a pesar que reconoci&oacute; que la recaudaci&oacute;n de recursos coparticipables se redujo en un 25 %. [&hellip;]<\/p>\n","protected":false},"author":2,"featured_media":4876,"comment_status":"open","ping_status":"open","sticky":false,"template":"","format":"standard","meta":{"footnotes":""},"categories":[978,176,8],"tags":[219,692,232,593,1912,1921],"class_list":["post-4875","post","type-post","status-publish","format-standard","has-post-thumbnail","hentry","category-gremiales","category-politica","category-provinciales","tag-ate","tag-docente","tag-javier-milei","tag-manuel-troncoso","tag-paritaria","tag-upcn"],"_links":{"self":[{"href":"https:\/\/partediario.com.ar\/index.php?rest_route=\/wp\/v2\/posts\/4875","targetHints":{"allow":["GET"]}}],"collection":[{"href":"https:\/\/partediario.com.ar\/index.php?rest_route=\/wp\/v2\/posts"}],"about":[{"href":"https:\/\/partediario.com.ar\/index.php?rest_route=\/wp\/v2\/types\/post"}],"author":[{"embeddable":true,"href":"https:\/\/partediario.com.ar\/index.php?rest_route=\/wp\/v2\/users\/2"}],"replies":[{"embeddable":true,"href":"https:\/\/partediario.com.ar\/index.php?rest_route=%2Fwp%2Fv2%2Fcomments&post=4875"}],"version-history":[{"count":1,"href":"https:\/\/partediario.com.ar\/index.php?rest_route=\/wp\/v2\/posts\/4875\/revisions"}],"predecessor-version":[{"id":4877,"href":"https:\/\/partediario.com.ar\/index.php?rest_route=\/wp\/v2\/posts\/4875\/revisions\/4877"}],"wp:featuredmedia":[{"embeddable":true,"href":"https:\/\/partediario.com.ar\/index.php?rest_route=\/wp\/v2\/media\/4876"}],"wp:attachment":[{"href":"https:\/\/partediario.com.ar\/index.php?rest_route=%2Fwp%2Fv2%2Fmedia&parent=4875"}],"wp:term":[{"taxonomy":"category","embeddable":true,"href":"https:\/\/partediario.com.ar\/index.php?rest_route=%2Fwp%2Fv2%2Fcategories&post=4875"},{"taxonomy":"post_tag","embeddable":true,"href":"https:\/\/partediario.com.ar\/index.php?rest_route=%2Fwp%2Fv2%2Ftags&post=4875"}],"curies":[{"name":"wp","href":"https:\/\/api.w.org\/{rel}","templated":true}]}}