{"id":4881,"date":"2024-07-22T14:47:54","date_gmt":"2024-07-22T17:47:54","guid":{"rendered":"https:\/\/partediario.com.ar\/?p=4881"},"modified":"2024-07-22T20:06:05","modified_gmt":"2024-07-22T23:06:05","slug":"se-inauguro-la-obra-de-la-renovada-plaza-1-de-julio-de-parana","status":"publish","type":"post","link":"https:\/\/partediario.com.ar\/?p=4881","title":{"rendered":"Se inaugur\u00f3 la obra de la renovada Plaza 1\u00b0 de Julio de Paran\u00e1"},"content":{"rendered":"\n<p><strong>La intendenta Rosario Romero inaugur\u00f3 el jueves la puesta en valor del espacio p\u00fablico, ubicado en el barrio 1 de Julio. \u201cLos espacios comunes propician la vida en sociedad, el di\u00e1logo entre los vecinos y la gente aprovecha los espacios puestos en valor\u201d, destac\u00f3 Romero. La Municipalidad avanza con el plan para recuperar espacios p\u00fablicos en distintos barrios de la ciudad.<\/strong><\/p>\n\n\n\n<p>Es una intervenci\u00f3n que responde a la demanda de los vecinos y que se logr\u00f3 a trav\u00e9s de un trabajo conjunto con la comisi\u00f3n vecinal y el Club Racing 1\u00b0 de Julio.<\/p>\n\n\n\n<p><\/p>\n\n\n\n<figure class=\"wp-block-image size-large\"><img loading=\"lazy\" decoding=\"async\" width=\"1024\" height=\"682\" src=\"https:\/\/partediario.com.ar\/wp-content\/uploads\/1721332001_6bd1a489885c7c4736b3-1024x682.jpg\" alt=\"\" class=\"wp-image-4882\" srcset=\"https:\/\/partediario.com.ar\/wp-content\/uploads\/1721332001_6bd1a489885c7c4736b3-1024x682.jpg 1024w, https:\/\/partediario.com.ar\/wp-content\/uploads\/1721332001_6bd1a489885c7c4736b3-300x200.jpg 300w, https:\/\/partediario.com.ar\/wp-content\/uploads\/1721332001_6bd1a489885c7c4736b3-768x511.jpg 768w, https:\/\/partediario.com.ar\/wp-content\/uploads\/1721332001_6bd1a489885c7c4736b3.jpg 1391w\" sizes=\"auto, (max-width: 1024px) 100vw, 1024px\" \/><\/figure>\n\n\n\n<p><\/p>\n\n\n\n<p>\u201cEstamos poniendo en valor un espacio de recreaci\u00f3n que ya exist\u00eda en el barrio 1\u00b0 de Julio, que inici\u00f3 la gesti\u00f3n anterior, encabezada por el ex intendente Ad\u00e1n Bahl y que merced a esta gesti\u00f3n logramos darle culminaci\u00f3n. Se mejor\u00f3 la iluminaci\u00f3n, los espacios deportivos y se colocaron asientos. Nos pone contentos haberle dado continuidad a esta obra\u201d, resalt\u00f3 la intendenta Rosario Romero.<\/p>\n\n\n\n<p>A su turno, el viceintendente David C\u00e1ceres, valor\u00f3 la decisi\u00f3n de la gesti\u00f3n municipal \u201cde no paralizar esta obra y se sigui\u00f3 construyendo porque es una demanda de los vecinos y vecinas. Es una zona que limita entre el barrio 1\u00b0 de Julio y el barrio Consejo. Y viene a complementar un espacio de Primera Infancia que est\u00e1 lindante\u201d.<\/p>\n\n\n\n<p>La habilitaci\u00f3n del espacio estuvo acompa\u00f1ada por actividades para las infancias, deportes y una chocolatada compartida.<\/p>\n\n\n\n<p><\/p>\n\n\n\n<figure class=\"wp-block-image size-full\"><img loading=\"lazy\" decoding=\"async\" width=\"760\" height=\"427\" src=\"https:\/\/partediario.com.ar\/wp-content\/uploads\/51971a3cafe9f84674b28f4d99e458fc.jpg\" alt=\"\" class=\"wp-image-4883\" srcset=\"https:\/\/partediario.com.ar\/wp-content\/uploads\/51971a3cafe9f84674b28f4d99e458fc.jpg 760w, https:\/\/partediario.com.ar\/wp-content\/uploads\/51971a3cafe9f84674b28f4d99e458fc-300x169.jpg 300w\" sizes=\"auto, (max-width: 760px) 100vw, 760px\" \/><\/figure>\n\n\n\n<p><\/p>\n\n\n\n<p><strong>Vecinos agradecidos<\/strong><\/p>\n\n\n\n<p>Miguel \u00c1ngel Pereira, presidente del Club Racing 1\u00b0 de Julio, dijo que esta intervenci\u00f3n \u201ces una cosa grandiosa y ahora hay que cuidarla, esto no se hace todos los d\u00edas. Hay que agradecerle al intendente que se fue, Ad\u00e1n Bahl, y la actual intendenta Rosario Romero\u201d.<\/p>\n\n\n\n<p>Del mismo modo, Alejandrina Ledesma, vecina del barrio, sostuvo: \u201cEstoy feliz, esto es una maravilla. La obra qued\u00f3 hermosa, c\u00f3mo cambi\u00f3 todo\u201d.<\/p>\n\n\n\n<p>\u201cEs lo mejor que ha hecho este gobierno y el anterior, porque ac\u00e1 era una boca de lobo: ahora de noche parece que es de d\u00eda\u201d, agradeci\u00f3 Jorge.<\/p>\n\n\n\n<p><strong>Detalles de la obra<\/strong><\/p>\n\n\n\n<p>El plan de obra contempl\u00f3 las siguientes intervenciones: mejorado de veredas, un play\u00f3n deportivo, cancha de f\u00fatbol, sectores de juegos infantiles, equipamiento urbano como bancos de hormig\u00f3n y bebedero, arbolado, intervenci\u00f3n en el espacio verde y mejoras en el alumbrado p\u00fablico.<\/p>\n\n\n\n<p>Estuvieron presentes el secretario de Gobierno y Coordinador de Gabinete, Santiago Halle; la secretaria de Educaci\u00f3n, Cultura y Convivencia Ciudadana, Nadia Bilat; el secretario de Servicios P\u00fablicos, Juli\u00e1n Hirschfeld; el secretario de Planificaci\u00f3n e Infraestructura, Eduardo Lor\u00e9fice; la secretaria de Seguridad Vial, Movilidad y Ordenamiento Urbano, Katerina Stickel; el secretario de Hacienda y Producci\u00f3n, Alexis Bilbao y la secretaria de Desarrollo Humano, Mariela Ponce; los concejales Luisina Minni, Ana Ruberto, Fernanda Facello, Sergio Elizar y M\u00e1ximo M\u00edguez; autoridades municipales y legisladores provinciales.<\/p>\n\n\n\n<p><\/p>\n\n\n\n<figure class=\"wp-block-embed is-type-video is-provider-youtube wp-block-embed-youtube wp-embed-aspect-16-9 wp-has-aspect-ratio\"><div class=\"wp-block-embed__wrapper\">\n<iframe loading=\"lazy\" title=\"Se inaugur\u00f3 la obra de la renovada Plaza 1\u00b0 de Julio\" width=\"640\" height=\"360\" src=\"https:\/\/www.youtube.com\/embed\/2AUgAFIaWFw?feature=oembed\" frameborder=\"0\" allow=\"accelerometer; autoplay; clipboard-write; encrypted-media; gyroscope; picture-in-picture; web-share\" referrerpolicy=\"strict-origin-when-cross-origin\" allowfullscreen><\/iframe>\n<\/div><\/figure>\n","protected":false},"excerpt":{"rendered":"<p>La intendenta Rosario Romero inaugur&oacute; el jueves la puesta en valor del espacio p&uacute;blico, ubicado en el barrio 1 de Julio. &ldquo;Los espacios comunes propician la vida en sociedad, el di&aacute;logo entre los vecinos y la gente aprovecha los espacios puestos en valor&rdquo;, destac&oacute; Romero. La Municipalidad avanza con el plan para recuperar espacios p&uacute;blicos [&hellip;]<\/p>\n","protected":false},"author":2,"featured_media":4884,"comment_status":"open","ping_status":"open","sticky":false,"template":"","format":"standard","meta":{"footnotes":""},"categories":[6,726],"tags":[453,1193,1965,719,1772,265,1966,242],"class_list":["post-4881","post","type-post","status-publish","format-standard","has-post-thumbnail","hentry","category-locales","category-sociedad","tag-david-caceres","tag-eduardo-lorefice","tag-inauguracion","tag-julian-hirschfeld","tag-nadia-bilat","tag-parana","tag-plaza-1ro-julio","tag-rosario-romero"],"_links":{"self":[{"href":"https:\/\/partediario.com.ar\/index.php?rest_route=\/wp\/v2\/posts\/4881","targetHints":{"allow":["GET"]}}],"collection":[{"href":"https:\/\/partediario.com.ar\/index.php?rest_route=\/wp\/v2\/posts"}],"about":[{"href":"https:\/\/partediario.com.ar\/index.php?rest_route=\/wp\/v2\/types\/post"}],"author":[{"embeddable":true,"href":"https:\/\/partediario.com.ar\/index.php?rest_route=\/wp\/v2\/users\/2"}],"replies":[{"embeddable":true,"href":"https:\/\/partediario.com.ar\/index.php?rest_route=%2Fwp%2Fv2%2Fcomments&post=4881"}],"version-history":[{"count":1,"href":"https:\/\/partediario.com.ar\/index.php?rest_route=\/wp\/v2\/posts\/4881\/revisions"}],"predecessor-version":[{"id":4885,"href":"https:\/\/partediario.com.ar\/index.php?rest_route=\/wp\/v2\/posts\/4881\/revisions\/4885"}],"wp:featuredmedia":[{"embeddable":true,"href":"https:\/\/partediario.com.ar\/index.php?rest_route=\/wp\/v2\/media\/4884"}],"wp:attachment":[{"href":"https:\/\/partediario.com.ar\/index.php?rest_route=%2Fwp%2Fv2%2Fmedia&parent=4881"}],"wp:term":[{"taxonomy":"category","embeddable":true,"href":"https:\/\/partediario.com.ar\/index.php?rest_route=%2Fwp%2Fv2%2Fcategories&post=4881"},{"taxonomy":"post_tag","embeddable":true,"href":"https:\/\/partediario.com.ar\/index.php?rest_route=%2Fwp%2Fv2%2Ftags&post=4881"}],"curies":[{"name":"wp","href":"https:\/\/api.w.org\/{rel}","templated":true}]}}