{"id":4909,"date":"2024-07-23T10:48:01","date_gmt":"2024-07-23T13:48:01","guid":{"rendered":"https:\/\/partediario.com.ar\/?p=4909"},"modified":"2024-07-23T10:48:02","modified_gmt":"2024-07-23T13:48:02","slug":"entre-rios-gremios-estatales-aceptaron-la-propuesta-del-gobierno-con-un-cambio","status":"publish","type":"post","link":"https:\/\/partediario.com.ar\/?p=4909","title":{"rendered":"Entre R\u00edos: gremios estatales aceptaron la propuesta del gobierno con un cambio"},"content":{"rendered":"\n<p><strong>Si bien aclararon que \u201cla propuesta queda corta\u201d, ATE y UPCN, rubricaron el acuerdo tras un cambio que solicitaron y el gobierno provincial acept\u00f3. C\u00f3mo quedar\u00e1 el aumento salarial para los estatales entrerrianos tras este negociaci\u00f3n.<\/strong><\/p>\n\n\n\n<p>El gobierno de Entre R\u00edos llev\u00f3 a cabo este lunes, reuniones simult\u00e1neas con gremios docentes y estatales en el marco de las negociaciones paritarias. La propuesta del Ejecutivo provincial que llev\u00f3 al encuentro con los sindicatos contemplaba una pauta bimestral (julio-agosto) con un aumento del 5% para julio y un ajuste en agosto acorde a la variaci\u00f3n del \u00cdndice de IPC. Tambi\u00e9n se ofreci\u00f3 una suma fija no remunerativa de $120.000 para trabajadores activos, distribuida en tres cuotas de $40.000 a pagar en agosto, septiembre y octubre de 2024.<\/p>\n\n\n\n<p>Sin embargo, los representantes de UPCN, pidieron que \u201cla suma fija que se propone, de $120.000 en tres cuotas, pensando en que los trabajadores no pierdan m\u00e1s poder adquisitivo, la primera cuota de $40.000 mil ser\u00eda apropiado que se pague desde el mes de julio\u201d, de acuerdo a informaci\u00f3n a la que accedi\u00f3 <strong>PARTE DIARIO<\/strong>.<\/p>\n\n\n\n<p>Finalmente los representantes del gobierno, aceptaron el pedido y de este modo, se rubrico el acuerdo salarial.<\/p>\n\n\n\n<p>Seg\u00fan el acta firmada por los gremios y el gobierno, la pauta salarial acordada, qued\u00f3 conformada de la siguiente manera:<\/p>\n\n\n\n<p>Para el bimestre julio-agosto, ser\u00e1 de: 5% de incremento en julio con base de los haberes de junio, y para el mes de agosto, un porcentaje igual al IPC del mes de julio, manteniendo la base salarial del mes de junio 2024.<\/p>\n\n\n\n<p>Tambi\u00e9n se acord\u00f3 el pago de una suma fija para trabajadores activos de $120.000, en tres cuotas iguales de $40.000. El mismo se pagar\u00e1 con los salarios de julio, agosto y septiembre.<\/p>\n\n\n\n<p>Mientras que para el mes de septiembre, adem\u00e1s de abonar la suma fija de $40.000 antes mencionada, se adicionar\u00e1 lo que se acuerde en paritaria, con el compromiso de retomar la discusi\u00f3n salariaI durante ese mismo mes.<\/p>\n\n\n\n<p>Sobre los Contratos de locaci\u00f3n de obra, se decidi\u00f3 incrementar el valor de los mismos, a partir del mes de julio de 2024, que pasar\u00e1n de $300.000 a $418.000.<\/p>\n","protected":false},"excerpt":{"rendered":"<p>Si bien aclararon que &ldquo;la propuesta queda corta&rdquo;, ATE y UPCN, rubricaron el acuerdo tras un cambio que solicitaron y el gobierno provincial acept&oacute;. C&oacute;mo quedar&aacute; el aumento salarial para los estatales entrerrianos tras este negociaci&oacute;n. El gobierno de Entre R&iacute;os llev&oacute; a cabo este lunes, reuniones simult&aacute;neas con gremios docentes y estatales en el [&hellip;]<\/p>\n","protected":false},"author":2,"featured_media":4910,"comment_status":"open","ping_status":"open","sticky":false,"template":"","format":"standard","meta":{"footnotes":""},"categories":[978,8],"tags":[1974,219,257,224,1976,1921],"class_list":["post-4909","post","type-post","status-publish","format-standard","has-post-thumbnail","hentry","category-gremiales","category-provinciales","tag-aceptaron","tag-ate","tag-entre-rios","tag-gobierno","tag-salarial","tag-upcn"],"_links":{"self":[{"href":"https:\/\/partediario.com.ar\/index.php?rest_route=\/wp\/v2\/posts\/4909","targetHints":{"allow":["GET"]}}],"collection":[{"href":"https:\/\/partediario.com.ar\/index.php?rest_route=\/wp\/v2\/posts"}],"about":[{"href":"https:\/\/partediario.com.ar\/index.php?rest_route=\/wp\/v2\/types\/post"}],"author":[{"embeddable":true,"href":"https:\/\/partediario.com.ar\/index.php?rest_route=\/wp\/v2\/users\/2"}],"replies":[{"embeddable":true,"href":"https:\/\/partediario.com.ar\/index.php?rest_route=%2Fwp%2Fv2%2Fcomments&post=4909"}],"version-history":[{"count":1,"href":"https:\/\/partediario.com.ar\/index.php?rest_route=\/wp\/v2\/posts\/4909\/revisions"}],"predecessor-version":[{"id":4911,"href":"https:\/\/partediario.com.ar\/index.php?rest_route=\/wp\/v2\/posts\/4909\/revisions\/4911"}],"wp:featuredmedia":[{"embeddable":true,"href":"https:\/\/partediario.com.ar\/index.php?rest_route=\/wp\/v2\/media\/4910"}],"wp:attachment":[{"href":"https:\/\/partediario.com.ar\/index.php?rest_route=%2Fwp%2Fv2%2Fmedia&parent=4909"}],"wp:term":[{"taxonomy":"category","embeddable":true,"href":"https:\/\/partediario.com.ar\/index.php?rest_route=%2Fwp%2Fv2%2Fcategories&post=4909"},{"taxonomy":"post_tag","embeddable":true,"href":"https:\/\/partediario.com.ar\/index.php?rest_route=%2Fwp%2Fv2%2Ftags&post=4909"}],"curies":[{"name":"wp","href":"https:\/\/api.w.org\/{rel}","templated":true}]}}