{"id":4919,"date":"2024-07-23T11:27:40","date_gmt":"2024-07-23T14:27:40","guid":{"rendered":"https:\/\/partediario.com.ar\/?p=4919"},"modified":"2024-07-23T11:27:46","modified_gmt":"2024-07-23T14:27:46","slug":"cual-es-el-monto-que-recibiran-en-agosto-los-titulares-del-expotenciar-trabajo","status":"publish","type":"post","link":"https:\/\/partediario.com.ar\/?p=4919","title":{"rendered":"Cual es el monto que recibir\u00e1n en agosto los titulares del exPotenciar Trabajo"},"content":{"rendered":"\n<p><strong>De acuerdo a la informaci\u00f3n del sitio oficial, el programa Volver al Trabajo tiene como \u00fanicos beneficiarios a las personas que resulten transferidas del programa Potenciar Trabajo.<\/strong><\/p>\n\n\n\n<p>En el mes de agosto, los titulares del exPotenciar Trabajo reciben el mismo monto que el mes anterior, por lo que en el octavo mes del a\u00f1o cobran $78.000 por el programa que actualmente se divide en dos l\u00edneas: Volver al Trabajo y Acompa\u00f1amiento Social.<\/p>\n\n\n\n<p>Se trata de una l\u00ednea de asistencia estatal para la poblaci\u00f3n de trabajadores informales y para quienes representan a uno de los sectores m\u00e1s vulnerables de la sociedad, constituido por personas de m\u00e1s de 50 a\u00f1os o que son madres de cuatro o m\u00e1s hijos menores de 18 a\u00f1os.<\/p>\n\n\n\n<p>Seg\u00fan la informaci\u00f3n brindada por el Ministerio de Capital Humano, en agosto los titulares del exPotenciar Trabajo recibir\u00e1n $78.000, la misma cifra que el mes anterior, debido a que la prestaci\u00f3n se mantiene sin cambios, tal como ocurre desde el \u00faltimo reajuste realizado en diciembre del a\u00f1o pasado. As\u00ed, en el octavo mes de 2024 no hay variaciones respecto del valor que ven\u00edan cobrando los beneficiarios del plan que, habitualmente, se acredita el 5 de cada mes, y que en esta ocasi\u00f3n coincide con el primer lunes de agosto.<\/p>\n\n\n\n<p>El Gobierno, mediante el decreto 198\/2024 publicado en febrero, dio de baja el programa Potenciar Trabajo y toda la n\u00f3mina de beneficiarios, luego de depurar las situaciones irregulares. Los titulares fueron repartidos en dos nuevos planes: Volver al Trabajo y Acompa\u00f1amiento Social.<\/p>\n\n\n\n<p><strong>De cu\u00e1nto es el monto del exPotenciar Trabajo en agosto 2024<\/strong><\/p>\n\n\n\n<p>Programa Volver al Trabajo: $78.000<br>Programa Acompa\u00f1amiento Social: $78.000<br>Fecha de cobro: lunes 5 de agosto<br>C\u00f3mo saber si cobro el exPotenciar Trabajo<\/p>\n\n\n\n<p><strong>Quienes deseen corroborar si les corresponde esta herramienta de asistencia estatal pueden hacerlo del siguiente modo:<\/strong><\/p>\n\n\n\n<ul class=\"wp-block-list\">\n<li>Ingresar al sitio Mi Argentina o a Mi ANSES.<\/li>\n\n\n\n<li>Ingresar el n\u00famero de CUIL<\/li>\n\n\n\n<li>Tipear la Clave de Seguridad Social<\/li>\n\n\n\n<li>Seleccionar el apartado \u201cMis cobros\u201d<\/li>\n\n\n\n<li>Corroborar las prestaciones se\u00f1aladas para el mes en curso<\/li>\n\n\n\n<li>El procedimiento de consulta para saber si se cobra el beneficio<\/li>\n\n\n\n<li>El procedimiento de consulta para saber si se cobra el beneficio<\/li>\n<\/ul>\n\n\n\n<p><strong>Qu\u00e9 beneficios tienen los titulares del ex Potenciar Trabajo<\/strong><\/p>\n\n\n\n<p>Seg\u00fan consta en el sitio oficial, el programa Volver al Trabajo tiene como \u00fanicos beneficiarios a las personas que resulten transferidas del programa Potenciar Trabajo.<\/p>\n\n\n\n<p>Por su parte quienes pertenec\u00edan al programa y no se encuentren en la n\u00f3mina de Volver al Trabajo, les corresponde el Programa de Acompa\u00f1amiento Social.<\/p>\n\n\n\n<p>La finalidad de esta ayuda estatal es \u201cdesarrollar y consolidar un nivel de competencias sociolaborales para sus beneficiarios que les permita alcanzar un nivel de empleabilidad inicial real y mejorar sus oportunidades de inserci\u00f3n laboral\u201d.<\/p>\n\n\n\n<p>Los titulares del programa est\u00e1n habilitados a realizar actividades de formaci\u00f3n laboral, pr\u00e1cticas formativas en ambientes de trabajo y asistencia al desarrollo de emprendimientos productivos individuales o asociativos.<\/p>\n\n\n\n<p><strong>Entre las alternativas que se pueden utilizar figuran las siguientes:<\/strong><\/p>\n\n\n\n<p>Servicios de orientaci\u00f3n laboral y asistencia en la b\u00fasqueda de empleo.<br>Servicios de intermediaci\u00f3n laboral.<br>Servicios de capacitaci\u00f3n laboral y certificaci\u00f3n de competencias laborales.<br>Pr\u00e1cticas formativas en ambientes de trabajo.<br>Acciones de promoci\u00f3n para la inserci\u00f3n en el trabajo asalariado registrado y en el trabajo independiente y autogestionado.<br>Fortalecimiento de unidades productivas autogestionadas en forma individual, asociativa o familiar.<br>Finalizaci\u00f3n Educativa o programas con objeto an\u00e1logo para el desarrollo de competencias b\u00e1sicas.<br>En tanto, el programa de Acompa\u00f1amiento Social tiene como principal objetivo \u201cmejorar las condiciones laborales y la calidad de vida de las familias, promoviendo su autonom\u00eda y desarrollando sus capacidades\u201d.<\/p>\n\n\n\n<p><strong>Los beneficiarios de esta prestaci\u00f3n tienen acceso a distintas posibilidades de capacitaci\u00f3n o asistencia para tr\u00e1mites como las que figuran a continuaci\u00f3n:<\/strong><\/p>\n\n\n\n<ul class=\"wp-block-list\">\n<li>Talleres sobre educaci\u00f3n, salud, nutrici\u00f3n y derechos.<\/li>\n\n\n\n<li>Capacitaciones para impulsar emprendimientos socioproductivos.<\/li>\n\n\n\n<li>Asesoramiento para jubilarse.<\/li>\n\n\n\n<li>Ayuda econ\u00f3mica o material para garantizar una nutrici\u00f3n adecuada.<\/li>\n<\/ul>\n","protected":false},"excerpt":{"rendered":"<p>De acuerdo a la informaci&oacute;n del sitio oficial, el programa Volver al Trabajo tiene como &uacute;nicos beneficiarios a las personas que resulten transferidas del programa Potenciar Trabajo. En el mes de agosto, los titulares del exPotenciar Trabajo reciben el mismo monto que el mes anterior, por lo que en el octavo mes del a&ntilde;o cobran [&hellip;]<\/p>\n","protected":false},"author":2,"featured_media":4920,"comment_status":"open","ping_status":"open","sticky":false,"template":"","format":"standard","meta":{"footnotes":""},"categories":[5,176,726],"tags":[1983,1981,1982],"class_list":["post-4919","post","type-post","status-publish","format-standard","has-post-thumbnail","hentry","category-nacionales","category-politica","category-sociedad","tag-agosto","tag-expotenciar-trabajo","tag-monto"],"_links":{"self":[{"href":"https:\/\/partediario.com.ar\/index.php?rest_route=\/wp\/v2\/posts\/4919","targetHints":{"allow":["GET"]}}],"collection":[{"href":"https:\/\/partediario.com.ar\/index.php?rest_route=\/wp\/v2\/posts"}],"about":[{"href":"https:\/\/partediario.com.ar\/index.php?rest_route=\/wp\/v2\/types\/post"}],"author":[{"embeddable":true,"href":"https:\/\/partediario.com.ar\/index.php?rest_route=\/wp\/v2\/users\/2"}],"replies":[{"embeddable":true,"href":"https:\/\/partediario.com.ar\/index.php?rest_route=%2Fwp%2Fv2%2Fcomments&post=4919"}],"version-history":[{"count":1,"href":"https:\/\/partediario.com.ar\/index.php?rest_route=\/wp\/v2\/posts\/4919\/revisions"}],"predecessor-version":[{"id":4921,"href":"https:\/\/partediario.com.ar\/index.php?rest_route=\/wp\/v2\/posts\/4919\/revisions\/4921"}],"wp:featuredmedia":[{"embeddable":true,"href":"https:\/\/partediario.com.ar\/index.php?rest_route=\/wp\/v2\/media\/4920"}],"wp:attachment":[{"href":"https:\/\/partediario.com.ar\/index.php?rest_route=%2Fwp%2Fv2%2Fmedia&parent=4919"}],"wp:term":[{"taxonomy":"category","embeddable":true,"href":"https:\/\/partediario.com.ar\/index.php?rest_route=%2Fwp%2Fv2%2Fcategories&post=4919"},{"taxonomy":"post_tag","embeddable":true,"href":"https:\/\/partediario.com.ar\/index.php?rest_route=%2Fwp%2Fv2%2Ftags&post=4919"}],"curies":[{"name":"wp","href":"https:\/\/api.w.org\/{rel}","templated":true}]}}