{"id":4925,"date":"2024-07-23T12:02:48","date_gmt":"2024-07-23T15:02:48","guid":{"rendered":"https:\/\/partediario.com.ar\/?p=4925"},"modified":"2024-07-23T12:02:49","modified_gmt":"2024-07-23T15:02:49","slug":"entre-rios-participa-de-la-agenda-climatica-global","status":"publish","type":"post","link":"https:\/\/partediario.com.ar\/?p=4925","title":{"rendered":"Entre R\u00edos participa de la Agenda Clim\u00e1tica Global"},"content":{"rendered":"\n<p><strong>Para fortalecer las pol\u00edticas ambientales que lleva adelante la Alianza Verde Argentina (AVA), funcionarios del Ministerio de Desarrollo Econ\u00f3mico de Entre R\u00edos se reunieron con la embajadora del Reino Unido en Argentina, Kristy Hayes.<\/strong><\/p>\n\n\n\n<p>Entre R\u00edos forma parte de la AVA, junto a Misiones, Santa Fe, C\u00f3rdoba, La Pampa y Jujuy. Esta coalici\u00f3n busca promover un mayor protagonismo de los estados subnacionales en las negociaciones internacionales sobre cambio clim\u00e1tico y biodiversidad, especialmente en aquellos asuntos que poseen escasos avances concretos, como el acceso al financiamiento.<\/p>\n\n\n\n<p>Recibidos por la embajadora del Reino Unido en nuestro pa\u00eds, Kirsty Hayes, en un almuerzo de trabajo, la secretaria de Ambiente de Entre R\u00edos, Rosa Hojman, junto al resto de los responsables de las carteras ambientales presentes tuvieron la oportunidad de plantear diversas inquietudes. Esta reuni\u00f3n subray\u00f3 el continuo inter\u00e9s del Reino Unido en las acciones clim\u00e1ticas destacadas de los gobiernos provinciales argentinos y demuestra el apoyo a la expansi\u00f3n del bloque representado por AVA, que actualmente contiene un cuarto de la poblaci\u00f3n argentina viviendo en sus territorios.<\/p>\n\n\n\n<p>\u00abResult\u00f3 un encuentro muy productivo, puesto que desde las provincias intercambiamos miradas y un an\u00e1lisis de la situaci\u00f3n actual de la agenda clim\u00e1tica global y de biodiversidad, a la vez que junto a la embajadora brit\u00e1nica exploramos oportunidades de financiamiento para iniciativas basadas en la naturaleza y la innovaci\u00f3n tecnol\u00f3gica\u00bb, declar\u00f3 Hojman.<\/p>\n\n\n\n<p>Por su parte, el director general de Cambio Clim\u00e1tico, Maximiliano G\u00f3mez, destac\u00f3 all\u00ed que \u00abdesde Entre R\u00edos estamos trabajando fuertemente en la materia. En los pr\u00f3ximos d\u00edas vamos a remitir a la Legislatura el proyecto de ley provincial de mitigaci\u00f3n y adaptaci\u00f3n clim\u00e1tica, a la par que estamos trabajando en la actualizaci\u00f3n y conclusi\u00f3n del Plan de Respuesta provincial\u00bb.<\/p>\n\n\n\n<p>Por \u00faltimo, se destaca el trabajo articulado en el marco de la Alianza Verde Argentina, con miras a la pr\u00f3xima Cumbre COP 29 de Bak\u00fa (Azerbaiy\u00e1n) en noviembre, en aras de lograr una participaci\u00f3n en las negociaciones internacionales que all\u00ed se desarrollar\u00e1n.<\/p>\n","protected":false},"excerpt":{"rendered":"<p>Para fortalecer las pol&iacute;ticas ambientales que lleva adelante la Alianza Verde Argentina (AVA), funcionarios del Ministerio de Desarrollo Econ&oacute;mico de Entre R&iacute;os se reunieron con la embajadora del Reino Unido en Argentina, Kristy Hayes. Entre R&iacute;os forma parte de la AVA, junto a Misiones, Santa Fe, C&oacute;rdoba, La Pampa y Jujuy. Esta coalici&oacute;n busca promover [&hellip;]<\/p>\n","protected":false},"author":2,"featured_media":4926,"comment_status":"open","ping_status":"open","sticky":false,"template":"","format":"standard","meta":{"footnotes":""},"categories":[8,726],"tags":[1984,1382,1985,303,257,753,1986,1987,614,1091,1106],"class_list":["post-4925","post","type-post","status-publish","format-standard","has-post-thumbnail","hentry","category-provinciales","category-sociedad","tag-agena","tag-ava","tag-climatica-global","tag-cordoba","tag-entre-rios","tag-jujuy","tag-kristy-hayes","tag-la-pampa","tag-misiones","tag-rosa-hojman","tag-santa-fe-2"],"_links":{"self":[{"href":"https:\/\/partediario.com.ar\/index.php?rest_route=\/wp\/v2\/posts\/4925","targetHints":{"allow":["GET"]}}],"collection":[{"href":"https:\/\/partediario.com.ar\/index.php?rest_route=\/wp\/v2\/posts"}],"about":[{"href":"https:\/\/partediario.com.ar\/index.php?rest_route=\/wp\/v2\/types\/post"}],"author":[{"embeddable":true,"href":"https:\/\/partediario.com.ar\/index.php?rest_route=\/wp\/v2\/users\/2"}],"replies":[{"embeddable":true,"href":"https:\/\/partediario.com.ar\/index.php?rest_route=%2Fwp%2Fv2%2Fcomments&post=4925"}],"version-history":[{"count":1,"href":"https:\/\/partediario.com.ar\/index.php?rest_route=\/wp\/v2\/posts\/4925\/revisions"}],"predecessor-version":[{"id":4927,"href":"https:\/\/partediario.com.ar\/index.php?rest_route=\/wp\/v2\/posts\/4925\/revisions\/4927"}],"wp:featuredmedia":[{"embeddable":true,"href":"https:\/\/partediario.com.ar\/index.php?rest_route=\/wp\/v2\/media\/4926"}],"wp:attachment":[{"href":"https:\/\/partediario.com.ar\/index.php?rest_route=%2Fwp%2Fv2%2Fmedia&parent=4925"}],"wp:term":[{"taxonomy":"category","embeddable":true,"href":"https:\/\/partediario.com.ar\/index.php?rest_route=%2Fwp%2Fv2%2Fcategories&post=4925"},{"taxonomy":"post_tag","embeddable":true,"href":"https:\/\/partediario.com.ar\/index.php?rest_route=%2Fwp%2Fv2%2Ftags&post=4925"}],"curies":[{"name":"wp","href":"https:\/\/api.w.org\/{rel}","templated":true}]}}