{"id":4938,"date":"2024-07-24T08:28:48","date_gmt":"2024-07-24T11:28:48","guid":{"rendered":"https:\/\/partediario.com.ar\/?p=4938"},"modified":"2024-07-24T08:28:49","modified_gmt":"2024-07-24T11:28:49","slug":"clima-en-entre-rios-continuara-la-presencia-de-nieblas-y-la-posibilidad-de-inestabilidades-aisladas","status":"publish","type":"post","link":"https:\/\/partediario.com.ar\/?p=4938","title":{"rendered":"Clima en Entre R\u00edos: continuar\u00e1 la presencia de nieblas y la posibilidad de inestabilidades aisladas"},"content":{"rendered":"\n<p><strong>Se espera que avance durante esta jornada una d\u00e9bil perturbaci\u00f3n que activar\u00e1 la inestabilidad sobre la porci\u00f3n central de Argentina. Sin embargo por algunas jornadas seguir\u00e1n los d\u00edas primaverales en pleno invierno.<\/strong><\/p>\n\n\n\n<p>Sigue presente una masa de aire c\u00e1lido y h\u00famedo sobre todo el centro y norte de Argentina, provocando la reducci\u00f3n de visibilidad por la presencia de neblinas y bancos de niebla muy significativos, especialmente en las primeras horas de la ma\u00f1ana.<\/p>\n\n\n\n<p>Esta situaci\u00f3n se potencia por la persistencia del viento del sector norte, pero para hoy se espera que avance un muy d\u00e9bil sistema frontal fr\u00edo, que provocar\u00e1 una rotaci\u00f3n de viento temporaria al sector sur. Esta situaci\u00f3n incrementar\u00e1 las condiciones de inestabilidad, con probabilidad de lluvias y tormentas aisladas, en Entre R\u00edos sobre todo esta tarde.<\/p>\n\n\n\n<p>Si bien las tormentas que se pueden desarrollar no ser\u00e1n de gran magnitud, de todos modos, no se descarta el hecho de que pueda haber alg\u00fan desarrollo puntual algo m\u00e1s significativo, debido al fuerte contraste t\u00e9rmico esperado.<\/p>\n\n\n\n<p>Las provincias m\u00e1s destacadas con esta situaci\u00f3n ser\u00edan fundamentalmente la provincia de Buenos Aires y luego, en una medida muy inferior, el sur de Santa Fe, sudeste de C\u00f3rdoba y sur de Entre R\u00edos, pero con fen\u00f3menos muy dispersos.<\/p>\n\n\n\n<p>Se mantendr\u00e1n los d\u00edas primaverales en pleno invierno, con algunas fluctuaciones, pero siempre manteni\u00e9ndose con temperatura superiores a los niveles medios.<\/p>\n\n\n\n<p>Reci\u00e9n hacia el fin de la semana podr\u00eda registrarse un cambio destacado de los registros t\u00e9rmicos.<\/p>\n\n\n\n<p><strong>Clima en las principales ciudades entrerrianas<\/strong><\/p>\n\n\n\n<figure class=\"wp-block-image size-full\"><img loading=\"lazy\" decoding=\"async\" width=\"679\" height=\"554\" src=\"https:\/\/partediario.com.ar\/wp-content\/uploads\/scrnli_24_7_2024_8-20-03.png\" alt=\"\" class=\"wp-image-4939\" srcset=\"https:\/\/partediario.com.ar\/wp-content\/uploads\/scrnli_24_7_2024_8-20-03.png 679w, https:\/\/partediario.com.ar\/wp-content\/uploads\/scrnli_24_7_2024_8-20-03-300x245.png 300w\" sizes=\"auto, (max-width: 679px) 100vw, 679px\" \/><\/figure>\n","protected":false},"excerpt":{"rendered":"<p>Se espera que avance durante esta jornada una d&eacute;bil perturbaci&oacute;n que activar&aacute; la inestabilidad sobre la porci&oacute;n central de Argentina. Sin embargo por algunas jornadas seguir&aacute;n los d&iacute;as primaverales en pleno invierno. Sigue presente una masa de aire c&aacute;lido y h&uacute;medo sobre todo el centro y norte de Argentina, provocando la reducci&oacute;n de visibilidad por [&hellip;]<\/p>\n","protected":false},"author":2,"featured_media":4940,"comment_status":"open","ping_status":"open","sticky":false,"template":"","format":"standard","meta":{"footnotes":""},"categories":[8,726],"tags":[267,257],"class_list":["post-4938","post","type-post","status-publish","format-standard","has-post-thumbnail","hentry","category-provinciales","category-sociedad","tag-clima","tag-entre-rios"],"_links":{"self":[{"href":"https:\/\/partediario.com.ar\/index.php?rest_route=\/wp\/v2\/posts\/4938","targetHints":{"allow":["GET"]}}],"collection":[{"href":"https:\/\/partediario.com.ar\/index.php?rest_route=\/wp\/v2\/posts"}],"about":[{"href":"https:\/\/partediario.com.ar\/index.php?rest_route=\/wp\/v2\/types\/post"}],"author":[{"embeddable":true,"href":"https:\/\/partediario.com.ar\/index.php?rest_route=\/wp\/v2\/users\/2"}],"replies":[{"embeddable":true,"href":"https:\/\/partediario.com.ar\/index.php?rest_route=%2Fwp%2Fv2%2Fcomments&post=4938"}],"version-history":[{"count":1,"href":"https:\/\/partediario.com.ar\/index.php?rest_route=\/wp\/v2\/posts\/4938\/revisions"}],"predecessor-version":[{"id":4941,"href":"https:\/\/partediario.com.ar\/index.php?rest_route=\/wp\/v2\/posts\/4938\/revisions\/4941"}],"wp:featuredmedia":[{"embeddable":true,"href":"https:\/\/partediario.com.ar\/index.php?rest_route=\/wp\/v2\/media\/4940"}],"wp:attachment":[{"href":"https:\/\/partediario.com.ar\/index.php?rest_route=%2Fwp%2Fv2%2Fmedia&parent=4938"}],"wp:term":[{"taxonomy":"category","embeddable":true,"href":"https:\/\/partediario.com.ar\/index.php?rest_route=%2Fwp%2Fv2%2Fcategories&post=4938"},{"taxonomy":"post_tag","embeddable":true,"href":"https:\/\/partediario.com.ar\/index.php?rest_route=%2Fwp%2Fv2%2Ftags&post=4938"}],"curies":[{"name":"wp","href":"https:\/\/api.w.org\/{rel}","templated":true}]}}