{"id":4942,"date":"2024-07-24T09:26:09","date_gmt":"2024-07-24T12:26:09","guid":{"rendered":"https:\/\/partediario.com.ar\/?p=4942"},"modified":"2024-07-24T10:11:30","modified_gmt":"2024-07-24T13:11:30","slug":"el-senado-aprobo-los-pliegos-del-contador-y-tesorera-provincial","status":"publish","type":"post","link":"https:\/\/partediario.com.ar\/?p=4942","title":{"rendered":"El Senado aprob\u00f3 los pliegos del Contador y Tesorera Provincial"},"content":{"rendered":"\n<p><strong>Durante la d\u00e9cima Sesi\u00f3n Ordinaria del 145\u00ba Per\u00edodo Legislativo los senadores aprobaron el nombramiento del Contador General de la Provincia, Andr\u00e9s Rodrigo Zabala, y en la Tesorer\u00eda General de Entre R\u00edos, a Anabel Corona. La senadora Gladys Dom\u00ednguez es la nueva titular del Jurado de Enjuiciamiento.<\/strong><\/p>\n\n\n\n<p>Este martes en el recinto de la Honorable C\u00e1mara Entrerriana se llev\u00f3 a cabo la d\u00e9cima Sesi\u00f3n Ordinaria del 145\u00ba Per\u00edodo Legislativo. La sesi\u00f3n fue presidida por el vicepresidente del cuerpo, Rafael Cavagna, en reemplazo de la vicegobernadora y presidente del Senado, Alicia Aluani, quien se encuentra a cargo del Ejecutivo Provincial.<\/p>\n\n\n\n<p><strong>Sobre Tablas<\/strong><\/p>\n\n\n\n<p>Los senadores aprobaron los expedientes n\u00b0 14.848 y n\u00ba 14.849, por el que se presta acuerdo constitucional solicitado por el Poder Ejecutivo para nombrar a Andr\u00e9s Rodrigo Zabala en el cargo de Contador General de la Provincia de Entre R\u00edos, y a Ingrid Anabel Corona en la Tesorer\u00eda General de la Provincia. Al respecto, el senador Juan Pablo Cosso (Villaguay \u2013 M\u00e1s Para Entre R\u00edos) indic\u00f3 que estos nuevos funcionarios \u201cfueron los mejores puntuados en el concurso realizado por el Consejo de la Magistratura\u201d y que durante el tr\u00e1mite legislativo \u201clos funcionarios no tuvieron ning\u00fan tipo de impugnaci\u00f3n, sino que recibieron una gran cantidad de adhesiones de distintos estamentos, \u00f3rganos de gobierno, municipios e instituciones\u201d. Adem\u00e1s afirm\u00f3 que estas personas \u201ccumplen con el requisito principal, el presupuesto principal para ocupar el cargo, que es la idoneidad\u201d.<\/p>\n\n\n\n<p>Por otro lado, el senador hizo hincapi\u00e9 en \u201cla decisi\u00f3n pol\u00edtica de la gesti\u00f3n anterior de designar estos dos cargos, junto con otros, para que lleguen a este lugar aquellos que son los mejores preparados\u201d y adem\u00e1s resalt\u00f3 \u201cla prudencia de la nueva gesti\u00f3n, porque por lo que fueron los tiempos legislativos anteriores, no se lleg\u00f3 a culminar la gesti\u00f3n anterior no queriendo llegar al acuerdo constitucional, y en esta gesti\u00f3n, luego de conformadas las comisiones, se tuvo el tiempo prudencial de analizar que todos los concursos y dem\u00e1s se hayan hecho en un marco de transparencia\u201d.<\/p>\n\n\n\n<p><strong>Nuevo titular del Jurado de Enjuiciamiento<\/strong><\/p>\n\n\n\n<p>Tras la renuncia de la senadora Patricia Teresa D\u00edaz (La Paz- Frente M\u00e1s para Entre R\u00edos) como miembro titular del Jurado de Enjuiciamiento para el bienio 2023-2025, el presidente y senador de su bloque, Mart\u00edn Oliva (Uruguay \u2013 M\u00e1s para Entre R\u00edos) propuso en su reemplazo a la senadora Gladys Dom\u00ednguez (Feliciano \u2013 M\u00e1s para Entre R\u00edos).<\/p>\n\n\n\n<p>Por su parte, el senador Gustavo Vergara (Diamante \u2013 Juntos por Entre R\u00edos) se expres\u00f3 en nombre del bloque: \u201cEn primer lugar nuestra postura tiene que ver con el sistema de designaci\u00f3n y con el procedimiento que creemos pertinente al momento de una renuncia. En nada queremos afectar la honorabilidad de la senadora Dom\u00ednguez. Nosotros creemos que el procedimiento correcto ante la renuncia del senador titular debe asumir ese lugar el senador Rafaela Cavagna, que fue designado en su momento en car\u00e1cter suplente. Obviamente puede haber interpretaciones diferentes y ante esta situaci\u00f3n nosotros creemos que es el corrimiento habitual y que este honorable Senado hoy deber\u00eda nominar a un senador para que ocupe el cargo de suplente\u201d.<\/p>\n\n\n\n<p>Luego, asever\u00f3 que \u201cante esta situaci\u00f3n queremos pedir copia de esta acta sea elevado al jury para que est\u00e9 en conocimiento de la postura de nuestro bloque, y reservarnos el derecho de acudir a la justicia en el caso de que no se considere la postura que consideramos correcta\u201d.<\/p>\n\n\n\n<p>Finalmente, la propuesta del Bloque M\u00e1s para Entre R\u00edos se aprob\u00f3 por mayor\u00eda, siendo 9 votos a favor y 7 votos en contra.<\/p>\n\n\n\n<p><strong>Terreno para Gualeguay<\/strong><\/p>\n\n\n\n<p>Los senadores sancionaron el proyecto de ley que autoriza al gobierno entrerriano a transferir a la municipalidad de Gualeguay, a t\u00edtulo de donaci\u00f3n, un inmueble ubicado en su planta urbana. El proyecto ya contaba con media sanci\u00f3n de la C\u00e1mara de Diputados y con despacho de la Comisi\u00f3n de Legislaci\u00f3n General del Senado. Al respecto, el senador Alberto Otaegui (Gualeguay \u2013 Juntos Por Entre R\u00edos) expres\u00f3 su agradecimiento a la comisi\u00f3n de Legislaci\u00f3n General por la rapidez del dictamen favorable y explic\u00f3 que este terreno \u201cva a permitir descentralizar un poco todo lo que es el corral\u00f3n municipal y la Direcci\u00f3n de Energ\u00eda de la Municipalidad de Gualeguay\u201d.<\/p>\n\n\n\n<p><strong>Proyectos de Comunicaci\u00f3n<\/strong><\/p>\n\n\n\n<p>Durante la sesi\u00f3n de este martes se aprobaron cinco Proyectos de Comunicaci\u00f3n. Al hacer uso de la palabra, el senador V\u00edctor Sanzberro, se refiri\u00f3 al proyecto de Comunicaci\u00f3n de su autor\u00eda junto al senador Rafael Cavagna, por el cual solicita al Poder Ejecutivo Provincial a trav\u00e9s de la Direcci\u00f3n Provincial de Vialidad, que proceda con urgencia a la reparaci\u00f3n y mantenimiento de la calzada y banquinas de la Ruta Provincial N\u00ba 26, entre las ciudades de Victoria y Nogoy\u00e1, teniendo en cuenta el riesgo que representa su estado actual.<\/p>\n\n\n\n<p>Asimismo, el senador Mart\u00edn Oliva (Uruguay \u2013 M\u00e1s para Entre R\u00edos) destac\u00f3 el Proyecto de Comunicaci\u00f3n de su autor\u00eda junto al senador Rafael Cavagna, en el cual solicita al Poder Ejecutivo Provincial que a trav\u00e9s de los Ministerios de Desarrollo Humano y de Salud, instrumente medidas y acciones de gobierno en l\u00ednea con las conclusiones finales emitidas del Encuentro Nacional de Legisladoras y Legisladores Provinciales por los Derechos de las Ni\u00f1as, Ni\u00f1os y Adolescentes, desarrollado en la ciudad de Buenos Aires los d\u00edas 13 y 14 de junio del corriente a\u00f1o.<\/p>\n\n\n\n<p><strong>Proyectos de Declaraci\u00f3n<\/strong><\/p>\n\n\n\n<p><strong>Se aprobaron sobre tablas seis Proyectos de Declaraci\u00f3n:<\/strong><\/p>\n\n\n\n<p>1- Proyecto de Declaraci\u00f3n de autor\u00eda del senador Conti, por el que se declara de Inter\u00e9s Legislativo la celebraci\u00f3n de la \u201c27\u00ba EXPO PYMES TALA\u201d, espacio de promoci\u00f3n para la Peque\u00f1a y Mediana Empresa, Microemprendedores y Artesanos\u201d, a desarrollarse durante los d\u00edas 9 y 10 de noviembre del corriente, en la localidad de Rosario del Tala.<\/p>\n\n\n\n<p>2- Proyecto de Declaraci\u00f3n de autor\u00eda de la senadora Cozzi, por el que se declara de Inter\u00e9s Cultural, la iniciativa que lleva adelante el artista entrerriano Juan Manuel Bilat, se trata de la grabaci\u00f3n de un EP que tuvo lugar el d\u00eda 18 de julio en el auditorio de la Escuela del Centenario de Paran\u00e1.<\/p>\n\n\n\n<p>3- Proyecto de Declaraci\u00f3n de autor\u00eda del senador Oliva, por el que se declara de Inter\u00e9s Legislativo el 175\u00b0 Aniversario de la Fundaci\u00f3n del Hist\u00f3rico Colegio del Uruguay \u201cJusto Jos\u00e9 de Urquiza\u201d de la ciudad de Concepci\u00f3n del Uruguay, a celebrarse el 28 de Julio del corriente a\u00f1o.<\/p>\n\n\n\n<p>4- Proyecto de Declaraci\u00f3n de autor\u00eda del senador Vergara, por el que se declara de Inter\u00e9s al \u201cCiclo de Conversatorios sobre Reforma Pol\u00edtica en Entre R\u00edos. Debates para los nuevos escenarios de la Democracia\u201d a llevarse a cabo mediante modalidad h\u00edbrida en el mes de agosto del corriente a\u00f1o.<\/p>\n\n\n\n<p>5- Proyecto de Declaraci\u00f3n de autor\u00eda de la senadora Silva, por el que se declara de Inter\u00e9s de esta Honorable C\u00e1mara de Senadores, a la participaci\u00f3n del atleta entrerriano Nazareno Sasia, en los Juegos Ol\u00edmpicos Paris 2024, en la disciplina de lanzamiento de bala.<\/p>\n\n\n\n<p>6- Proyecto de Declaraci\u00f3n de autor\u00eda de la senadora Silva, por el que se declara de Inter\u00e9s Cultural del Honorable Senado, al 2\u00b0 Certamen Provincial de Cuento Breve y Poes\u00eda, denominado \u201cLetras Libres\u201d, organizado por el Instituto Padre Enrique Laumann D-49 de la ciudad de Segu\u00ed.<\/p>\n\n\n\n<p><strong>Pr\u00f3xima Sesi\u00f3n<\/strong><\/p>\n\n\n\n<p>Se abordar\u00e1 en la pr\u00f3xima sesi\u00f3n el expediente N\u00b0 14.935, proyecto de ley de autor\u00eda del Poder Ejecutivo por el que se propician una serie de reformas tanto en la Ley de Obras P\u00fablicas (Ley N\u00b06351), como en el C\u00f3digo Contencioso Administrativo (Ley N\u00b07061). La iniciativa, que propone modificaciones legislativas en el art. 52\u00b0 de la Ley de Obras P\u00fablicas y la incorporaci\u00f3n del inciso d) del art\u00edculo 2\u00b0 del C\u00f3digo Contencioso Administrativo, surge con motivo del actual andamiaje legal que la provincia otorga a los contratistas de obra p\u00fablica para el cobro judicial de los certificados de deuda. El mismo ya cuenta con dictamen de las comisiones de Obras P\u00fablicas y Legislaci\u00f3n General.<\/p>\n\n\n\n<p><strong>Homenajes<\/strong><\/p>\n\n\n\n<p>Al turno de los homenajes, el senador Oliva reconoci\u00f3 al Colegio Superior del Uruguay de la ciudad de Concepci\u00f3n del Uruguay, por el 175\u00ba aniversario de fundaci\u00f3n a celebrarse el pr\u00f3ximo 28 de julio, e hizo menci\u00f3n a Eva Duarte de Per\u00f3n, al cumplirse 72 a\u00f1os de su fallecimiento el 26 de julio.<\/p>\n\n\n\n<p>Por su parte, el senador Jaime Benedetti (Gualeguaych\u00fa \u2013 Juntos Por Entre R\u00edos) rindi\u00f3 homenaje al expresidente de la Naci\u00f3n, Hip\u00f3lito Yrigoyen.<\/p>\n\n\n\n<p>Adem\u00e1s, el senador Ramiro Favre (Col\u00f3n \u2013 Juntos Por Entre R\u00edos) tom\u00f3 la palabra para recordar el 30\u00ba aniversario del atentado a la sede de la AMIA.<\/p>\n","protected":false},"excerpt":{"rendered":"<p>Durante la d&eacute;cima Sesi&oacute;n Ordinaria del 145&ordm; Per&iacute;odo Legislativo los senadores aprobaron el nombramiento del Contador General de la Provincia, Andr&eacute;s Rodrigo Zabala, y en la Tesorer&iacute;a General de Entre R&iacute;os, a Anabel Corona. La senadora Gladys Dom&iacute;nguez es la nueva titular del Jurado de Enjuiciamiento. Este martes en el recinto de la Honorable C&aacute;mara [&hellip;]<\/p>\n","protected":false},"author":2,"featured_media":4945,"comment_status":"open","ping_status":"open","sticky":false,"template":"","format":"standard","meta":{"footnotes":""},"categories":[176,8],"tags":[257,1995,230],"class_list":["post-4942","post","type-post","status-publish","format-standard","has-post-thumbnail","hentry","category-politica","category-provinciales","tag-entre-rios","tag-gladys-dominguez","tag-senado"],"_links":{"self":[{"href":"https:\/\/partediario.com.ar\/index.php?rest_route=\/wp\/v2\/posts\/4942","targetHints":{"allow":["GET"]}}],"collection":[{"href":"https:\/\/partediario.com.ar\/index.php?rest_route=\/wp\/v2\/posts"}],"about":[{"href":"https:\/\/partediario.com.ar\/index.php?rest_route=\/wp\/v2\/types\/post"}],"author":[{"embeddable":true,"href":"https:\/\/partediario.com.ar\/index.php?rest_route=\/wp\/v2\/users\/2"}],"replies":[{"embeddable":true,"href":"https:\/\/partediario.com.ar\/index.php?rest_route=%2Fwp%2Fv2%2Fcomments&post=4942"}],"version-history":[{"count":1,"href":"https:\/\/partediario.com.ar\/index.php?rest_route=\/wp\/v2\/posts\/4942\/revisions"}],"predecessor-version":[{"id":4944,"href":"https:\/\/partediario.com.ar\/index.php?rest_route=\/wp\/v2\/posts\/4942\/revisions\/4944"}],"wp:featuredmedia":[{"embeddable":true,"href":"https:\/\/partediario.com.ar\/index.php?rest_route=\/wp\/v2\/media\/4945"}],"wp:attachment":[{"href":"https:\/\/partediario.com.ar\/index.php?rest_route=%2Fwp%2Fv2%2Fmedia&parent=4942"}],"wp:term":[{"taxonomy":"category","embeddable":true,"href":"https:\/\/partediario.com.ar\/index.php?rest_route=%2Fwp%2Fv2%2Fcategories&post=4942"},{"taxonomy":"post_tag","embeddable":true,"href":"https:\/\/partediario.com.ar\/index.php?rest_route=%2Fwp%2Fv2%2Ftags&post=4942"}],"curies":[{"name":"wp","href":"https:\/\/api.w.org\/{rel}","templated":true}]}}