{"id":4946,"date":"2024-07-24T10:14:12","date_gmt":"2024-07-24T13:14:12","guid":{"rendered":"https:\/\/partediario.com.ar\/?p=4946"},"modified":"2024-07-24T10:14:13","modified_gmt":"2024-07-24T13:14:13","slug":"macia-se-realizo-taller-de-estimulacion-cognitiva","status":"publish","type":"post","link":"https:\/\/partediario.com.ar\/?p=4946","title":{"rendered":"Mac\u00eda: se realiz\u00f3 Taller de Estimulaci\u00f3n Cognitiva"},"content":{"rendered":"\n<h3 class=\"wp-block-heading\">Personas mayores de Maci\u00e1 que forman parte del Taller de Estimulaci\u00f3n Cognitiva, que coordina la Licenciada en Psicopedagog\u00eda Patricia Enriquez, participaron en Rosario del Tala de una jornada de encuentro e intercambio con adultos de dicha ciudad y autoridades provinciales y municipales.<\/h3>\n\n\n\n<p>Durante el Taller de Escucha Activa a las personas mayores, convocado por la Direcci\u00f3n de Adultos Mayores del Ministerio de Desarrollo Humano de la provincia y el \u00e1rea de Accesibilidad e Inclusi\u00f3n de la Direcci\u00f3n de Desarrollo Social del municipio talense, los ejes que se trabajaron fueron cuidado y salud, accesibilidad y recreaci\u00f3n.<\/p>\n\n\n\n<p>Asimismo, en la jornada realizada en el SUM del barrio Sagrada Familia, las personas mayores plantearon sus demandas e inquietudes, y participaron de actividades de estimulaci\u00f3n neuromotriz y cognitiva, en tanto, las autoridades presentaron los alcances de la Convenci\u00f3n Interamericana sobre Protecci\u00f3n de los Derechos Humanos de las Personas Mayores, que fija las pautas para promover, proteger y asegurar el pleno goce y ejercicio de derechos del sector.<\/p>\n","protected":false},"excerpt":{"rendered":"<p>Personas mayores de Maci&aacute; que forman parte del Taller de Estimulaci&oacute;n Cognitiva, que coordina la Licenciada en Psicopedagog&iacute;a Patricia Enriquez, participaron en Rosario del Tala de una jornada de encuentro e intercambio con adultos de dicha ciudad y autoridades provinciales y municipales. Durante el Taller de Escucha Activa a las personas mayores, convocado por la [&hellip;]<\/p>\n","protected":false},"author":2,"featured_media":4947,"comment_status":"open","ping_status":"open","sticky":false,"template":"","format":"standard","meta":{"footnotes":""},"categories":[8,726],"tags":[1996,1997,209,276],"class_list":["post-4946","post","type-post","status-publish","format-standard","has-post-thumbnail","hentry","category-provinciales","category-sociedad","tag-cognitiva","tag-estimulacion","tag-macia","tag-taller"],"_links":{"self":[{"href":"https:\/\/partediario.com.ar\/index.php?rest_route=\/wp\/v2\/posts\/4946","targetHints":{"allow":["GET"]}}],"collection":[{"href":"https:\/\/partediario.com.ar\/index.php?rest_route=\/wp\/v2\/posts"}],"about":[{"href":"https:\/\/partediario.com.ar\/index.php?rest_route=\/wp\/v2\/types\/post"}],"author":[{"embeddable":true,"href":"https:\/\/partediario.com.ar\/index.php?rest_route=\/wp\/v2\/users\/2"}],"replies":[{"embeddable":true,"href":"https:\/\/partediario.com.ar\/index.php?rest_route=%2Fwp%2Fv2%2Fcomments&post=4946"}],"version-history":[{"count":1,"href":"https:\/\/partediario.com.ar\/index.php?rest_route=\/wp\/v2\/posts\/4946\/revisions"}],"predecessor-version":[{"id":4949,"href":"https:\/\/partediario.com.ar\/index.php?rest_route=\/wp\/v2\/posts\/4946\/revisions\/4949"}],"wp:featuredmedia":[{"embeddable":true,"href":"https:\/\/partediario.com.ar\/index.php?rest_route=\/wp\/v2\/media\/4947"}],"wp:attachment":[{"href":"https:\/\/partediario.com.ar\/index.php?rest_route=%2Fwp%2Fv2%2Fmedia&parent=4946"}],"wp:term":[{"taxonomy":"category","embeddable":true,"href":"https:\/\/partediario.com.ar\/index.php?rest_route=%2Fwp%2Fv2%2Fcategories&post=4946"},{"taxonomy":"post_tag","embeddable":true,"href":"https:\/\/partediario.com.ar\/index.php?rest_route=%2Fwp%2Fv2%2Ftags&post=4946"}],"curies":[{"name":"wp","href":"https:\/\/api.w.org\/{rel}","templated":true}]}}