{"id":4953,"date":"2024-07-24T10:29:43","date_gmt":"2024-07-24T13:29:43","guid":{"rendered":"https:\/\/partediario.com.ar\/?p=4953"},"modified":"2024-07-24T10:29:44","modified_gmt":"2024-07-24T13:29:44","slug":"ruta-12-impactante-choque-frontal-dejo-como-saldo-una-persona-fallecida","status":"publish","type":"post","link":"https:\/\/partediario.com.ar\/?p=4953","title":{"rendered":"Ruta 12: impactante choque frontal dej\u00f3 como saldo una persona fallecida"},"content":{"rendered":"\n<p><strong>En medio de un grueso manto de niebla, un colectivo y una camioneta chocaron de frente en Ruta 12 y hay un muerto.<\/strong><\/p>\n\n\n\n<p>Un hombre de 38 a\u00f1os falleci\u00f3, despu\u00e9s que la camioneta utilitaria que conduc\u00eda embistiera frontalmente un colectivo de media distancia, sobre la Ruta Nacional N\u00b012 entre, las localidades de Empedrado y San Lorenzo, en la provincia de Corrientes.<\/p>\n\n\n\n<p>El siniestro vial se produjo cerca de las 6:30 de la ma\u00f1ana, a la altura del kil\u00f3metro 963 de la ruta nacional, cuando a\u00fan estaba de noche y con un espeso manto de niebla que reduc\u00eda exponencialmente la visi\u00f3n sobre la calzada.<\/p>\n\n\n\n<p><\/p>\n\n\n\n<figure class=\"wp-block-image size-full\"><img loading=\"lazy\" decoding=\"async\" width=\"760\" height=\"669\" src=\"https:\/\/partediario.com.ar\/wp-content\/uploads\/scrnli_24_7_2024_10-21-34.png\" alt=\"\" class=\"wp-image-4954\" srcset=\"https:\/\/partediario.com.ar\/wp-content\/uploads\/scrnli_24_7_2024_10-21-34.png 760w, https:\/\/partediario.com.ar\/wp-content\/uploads\/scrnli_24_7_2024_10-21-34-300x264.png 300w\" sizes=\"auto, (max-width: 760px) 100vw, 760px\" \/><\/figure>\n\n\n\n<p><\/p>\n\n\n\n<p>Esta situaci\u00f3n habr\u00eda sido la causa principal del choque entre un colectivo de la empresa San Antonio, que hab\u00eda salido una hora antes desde la ciudad de Mburucuy\u00e1, con rumbo hacia la capital correntina, y una camioneta Renault Kangoo perteneciente a la empresa KOMSA que ven\u00eda desde la capital chaque\u00f1a, aunque se desconoce el destino.<\/p>\n\n\n\n<p>El veh\u00edculo de menor porte golpe\u00f3 violentamente contra la parte frontal izquierda del colectivo, lo que provoc\u00f3 la muerte inmediata del \u00fanico ocupante de la camioneta utilitaria, un hombre de 38 a\u00f1os identificado como Leonardo Vera.<\/p>\n\n\n\n<p><\/p>\n\n\n\n<figure class=\"wp-block-image size-full\"><img loading=\"lazy\" decoding=\"async\" width=\"761\" height=\"655\" src=\"https:\/\/partediario.com.ar\/wp-content\/uploads\/scrnli_24_7_2024_10-22-15.png\" alt=\"\" class=\"wp-image-4955\" srcset=\"https:\/\/partediario.com.ar\/wp-content\/uploads\/scrnli_24_7_2024_10-22-15.png 761w, https:\/\/partediario.com.ar\/wp-content\/uploads\/scrnli_24_7_2024_10-22-15-300x258.png 300w\" sizes=\"auto, (max-width: 761px) 100vw, 761px\" \/><\/figure>\n\n\n\n<p><\/p>\n\n\n\n<p>Dentro del colectivo, ni el conductor ni los pasajeros sufrieron heridas de consideraci\u00f3n y habr\u00edan sido quienes notificaron telef\u00f3nicamente a las autoridades policiales. Dos unidades pertenecientes a los Bomberos Voluntarios de la localidad de Empedrado llegaron hasta la escena del choque, aunque solo para constatar el deceso del hombre y el rescate de su cuerpo que hab\u00eda quedado en el habit\u00e1culo destru\u00eddo de la Kangoo.<\/p>\n\n\n\n<p>El impacto fue de una violencia inusitada, y provoc\u00f3 la abolladura de toda la parte izquierda de la camioneta utilitaria, que termin\u00f3 dentro de la banquina. La Ruta 12 estuvo con serias demoras para la circulaci\u00f3n vehicular por casi tres horas, aunque el tr\u00e1nsito no se cort\u00f3 ya que ninguno de los veh\u00edculos qued\u00f3 atravesado sobre la calzada. Los bomberos debieron utilizar tijeras hidr\u00e1ulicas para poder extraer el cuerpo de la v\u00edctima de la Kangoo.<\/p>\n\n\n\n<p>La camioneta utilitaria pertenece a una firma chaque\u00f1a denominada KOMSA, encargada desde 2007 de la digitalizaci\u00f3n, impresi\u00f3n, copiado y escaneo de documentos de empresas; adem\u00e1s de proveer software de gesti\u00f3n.<\/p>\n\n\n\n<p>En lo que va del a\u00f1o, se produjeron 87 muertes productos de siniestros viales en la provincia de Corrientes. De estos 13 ocurrieron en la ciudad capital y otros 74 en jurisdicci\u00f3n del interior.<\/p>\n\n\n\n<p>Si bien el siniestro se produjo en medio de la jurisdicci\u00f3n de las comisar\u00edas de San Lorenzo y de Empedrado, qued\u00f3 finalmente en esta \u00faltima la realizaci\u00f3n de las diligencias judiciales<\/p>\n","protected":false},"excerpt":{"rendered":"<p>En medio de un grueso manto de niebla, un colectivo y una camioneta chocaron de frente en Ruta 12 y hay un muerto. Un hombre de 38 a&ntilde;os falleci&oacute;, despu&eacute;s que la camioneta utilitaria que conduc&iacute;a embistiera frontalmente un colectivo de media distancia, sobre la Ruta Nacional N&deg;12 entre, las localidades de Empedrado y San [&hellip;]<\/p>\n","protected":false},"author":2,"featured_media":4956,"comment_status":"open","ping_status":"open","sticky":false,"template":"","format":"standard","meta":{"footnotes":""},"categories":[7,8],"tags":[1999,448,1998,2000,1252,725,2001],"class_list":["post-4953","post","type-post","status-publish","format-standard","has-post-thumbnail","hentry","category-policiales","category-provinciales","tag-choque","tag-corrientes","tag-empedrado","tag-frontal","tag-micro","tag-muerto","tag-utilitario"],"_links":{"self":[{"href":"https:\/\/partediario.com.ar\/index.php?rest_route=\/wp\/v2\/posts\/4953","targetHints":{"allow":["GET"]}}],"collection":[{"href":"https:\/\/partediario.com.ar\/index.php?rest_route=\/wp\/v2\/posts"}],"about":[{"href":"https:\/\/partediario.com.ar\/index.php?rest_route=\/wp\/v2\/types\/post"}],"author":[{"embeddable":true,"href":"https:\/\/partediario.com.ar\/index.php?rest_route=\/wp\/v2\/users\/2"}],"replies":[{"embeddable":true,"href":"https:\/\/partediario.com.ar\/index.php?rest_route=%2Fwp%2Fv2%2Fcomments&post=4953"}],"version-history":[{"count":1,"href":"https:\/\/partediario.com.ar\/index.php?rest_route=\/wp\/v2\/posts\/4953\/revisions"}],"predecessor-version":[{"id":4957,"href":"https:\/\/partediario.com.ar\/index.php?rest_route=\/wp\/v2\/posts\/4953\/revisions\/4957"}],"wp:featuredmedia":[{"embeddable":true,"href":"https:\/\/partediario.com.ar\/index.php?rest_route=\/wp\/v2\/media\/4956"}],"wp:attachment":[{"href":"https:\/\/partediario.com.ar\/index.php?rest_route=%2Fwp%2Fv2%2Fmedia&parent=4953"}],"wp:term":[{"taxonomy":"category","embeddable":true,"href":"https:\/\/partediario.com.ar\/index.php?rest_route=%2Fwp%2Fv2%2Fcategories&post=4953"},{"taxonomy":"post_tag","embeddable":true,"href":"https:\/\/partediario.com.ar\/index.php?rest_route=%2Fwp%2Fv2%2Ftags&post=4953"}],"curies":[{"name":"wp","href":"https:\/\/api.w.org\/{rel}","templated":true}]}}