{"id":4970,"date":"2024-07-24T19:11:32","date_gmt":"2024-07-24T22:11:32","guid":{"rendered":"https:\/\/partediario.com.ar\/?p=4970"},"modified":"2024-07-24T19:11:33","modified_gmt":"2024-07-24T22:11:33","slug":"la-intendenta-romero-recibio-a-la-red-de-inclusion-laboral-de-personas-con-discapacidad","status":"publish","type":"post","link":"https:\/\/partediario.com.ar\/?p=4970","title":{"rendered":"La intendenta Romero recibi\u00f3 a la Red de inclusi\u00f3n laboral de personas con discapacidad"},"content":{"rendered":"\n<h3 class=\"wp-block-heading\">La intendenta Rosario Romero recibi\u00f3 este martes al responsable de la Red Empresarial Inclusiva. Se acord\u00f3 darle impulso a esta agenda entre el sector p\u00fablico-privado.<\/h3>\n\n\n\n<p>La realidad de las personas con discapacidad y su situaci\u00f3n frente al mercado laboral, fue el eje del encuentro entre la intendenta Rosario Romero y el coordinador Ejecutivo Red de Empresas Inclusivas de la Rep\u00fablica Argentina, Fernando Carotta Derudder.<\/p>\n\n\n\n<p>\u201cLa idea era encontrarnos y desarrollar alguna propuesta, conocer la Red Empresarial Inclusiva y todo lo que se refiere a la inclusi\u00f3n de personas con discapacidad. Esta gesti\u00f3n est\u00e1 muy abierta y lo vamos a promover. La idea es avanzar en algunos proyectos\u201d, manifest\u00f3 la directora general de Pol\u00edticas de Integraci\u00f3n y Discapacidad, Cristina Ripari.<\/p>\n\n\n\n<p>La funcionaria agreg\u00f3: \u201cLa idea es ir sembrando semillas en las empresas de Paran\u00e1 para que las personas con discapacidad tengan la oportunidad de insertarse laboralmente\u201d.<\/p>\n\n\n\n<p>En el mismo sentido, el coordinador Ejecutivo Red de Empresas Inclusivas de la Rep\u00fablica Argentina, Fernando Carotta Derudder, consider\u00f3: \u201cEncontramos una muy buena receptividad. La noticia m\u00e1s positiva no solo es la reuni\u00f3n con Romero, sino tambi\u00e9n la predisposici\u00f3n que existe para trabajar en estos temas e involucrar a todo el equipo de gesti\u00f3n para avanzar en cuestiones concretas\u201d.<\/p>\n\n\n\n<p>Participaron de la reuni\u00f3n la secretaria de Educaci\u00f3n, Cultura y Convivencia Ciudadana, Nadia Bilat y el subsecretario de Producci\u00f3n, Oscar Bustamante.<\/p>\n\n\n\n<figure class=\"wp-block-embed is-type-video is-provider-youtube wp-block-embed-youtube wp-embed-aspect-16-9 wp-has-aspect-ratio\"><div class=\"wp-block-embed__wrapper\">\n<iframe loading=\"lazy\" title=\"La intendenta Romero recibi\u00f3 a la Red de inclusi\u00f3n laboral de personas con discapacidad\" width=\"640\" height=\"360\" src=\"https:\/\/www.youtube.com\/embed\/VglLE3JzNnc?feature=oembed\" frameborder=\"0\" allow=\"accelerometer; autoplay; clipboard-write; encrypted-media; gyroscope; picture-in-picture; web-share\" referrerpolicy=\"strict-origin-when-cross-origin\" allowfullscreen><\/iframe>\n<\/div><\/figure>\n","protected":false},"excerpt":{"rendered":"<p>La intendenta Rosario Romero recibi&oacute; este martes al responsable de la Red Empresarial Inclusiva. Se acord&oacute; darle impulso a esta agenda entre el sector p&uacute;blico-privado. La realidad de las personas con discapacidad y su situaci&oacute;n frente al mercado laboral, fue el eje del encuentro entre la intendenta Rosario Romero y el coordinador Ejecutivo Red de [&hellip;]<\/p>\n","protected":false},"author":2,"featured_media":4971,"comment_status":"open","ping_status":"open","sticky":false,"template":"","format":"standard","meta":{"footnotes":""},"categories":[6,726],"tags":[2010,1772,265,2009,242],"class_list":["post-4970","post","type-post","status-publish","format-standard","has-post-thumbnail","hentry","category-locales","category-sociedad","tag-fernando-carotta-derudder","tag-nadia-bilat","tag-parana","tag-red-empresarial-inclusiva","tag-rosario-romero"],"_links":{"self":[{"href":"https:\/\/partediario.com.ar\/index.php?rest_route=\/wp\/v2\/posts\/4970","targetHints":{"allow":["GET"]}}],"collection":[{"href":"https:\/\/partediario.com.ar\/index.php?rest_route=\/wp\/v2\/posts"}],"about":[{"href":"https:\/\/partediario.com.ar\/index.php?rest_route=\/wp\/v2\/types\/post"}],"author":[{"embeddable":true,"href":"https:\/\/partediario.com.ar\/index.php?rest_route=\/wp\/v2\/users\/2"}],"replies":[{"embeddable":true,"href":"https:\/\/partediario.com.ar\/index.php?rest_route=%2Fwp%2Fv2%2Fcomments&post=4970"}],"version-history":[{"count":1,"href":"https:\/\/partediario.com.ar\/index.php?rest_route=\/wp\/v2\/posts\/4970\/revisions"}],"predecessor-version":[{"id":4972,"href":"https:\/\/partediario.com.ar\/index.php?rest_route=\/wp\/v2\/posts\/4970\/revisions\/4972"}],"wp:featuredmedia":[{"embeddable":true,"href":"https:\/\/partediario.com.ar\/index.php?rest_route=\/wp\/v2\/media\/4971"}],"wp:attachment":[{"href":"https:\/\/partediario.com.ar\/index.php?rest_route=%2Fwp%2Fv2%2Fmedia&parent=4970"}],"wp:term":[{"taxonomy":"category","embeddable":true,"href":"https:\/\/partediario.com.ar\/index.php?rest_route=%2Fwp%2Fv2%2Fcategories&post=4970"},{"taxonomy":"post_tag","embeddable":true,"href":"https:\/\/partediario.com.ar\/index.php?rest_route=%2Fwp%2Fv2%2Ftags&post=4970"}],"curies":[{"name":"wp","href":"https:\/\/api.w.org\/{rel}","templated":true}]}}