{"id":4982,"date":"2024-07-24T20:07:07","date_gmt":"2024-07-24T23:07:07","guid":{"rendered":"https:\/\/partediario.com.ar\/?p=4982"},"modified":"2024-07-24T20:07:08","modified_gmt":"2024-07-24T23:07:08","slug":"gobierno-mas-neocolonial-no-se-consigue-expreso-guillermo-justo-chaves","status":"publish","type":"post","link":"https:\/\/partediario.com.ar\/?p=4982","title":{"rendered":"\u00abGobierno m\u00e1s neocolonial no se consigue\u00bb, expres\u00f3 Guillermo Justo Chaves"},"content":{"rendered":"\n<p><strong>Para el exjefe de Gabinete de Canciller\u00eda, Guillermo Justo Chaves, la Pol\u00edtica Exterior del Gobierno Nacional est\u00e1 en un \u00abdeterioro progresivo\u00bb.<\/strong><\/p>\n\n\n\n<p>Esto se debe luego del nuevo tropiezo de la Canciller\u00eda Argentina al no incluir el reclamo soberano por las Islas Malvinas ante el Mercosur frente a los jefe de Estado de la regi\u00f3n, tras el cierre de la 64\u00b0celebrada en Asunci\u00f3n.<\/p>\n\n\n\n<p><\/p>\n\n\n\n<blockquote class=\"twitter-tweet\"><p lang=\"es\" dir=\"ltr\"><a href=\"https:\/\/twitter.com\/hashtag\/Malvinas?src=hash&amp;ref_src=twsrc%5Etfw\">#Malvinas<\/a><br>Hoy<br>&#8211; <a href=\"https:\/\/twitter.com\/hashtag\/Mercosur?src=hash&amp;ref_src=twsrc%5Etfw\">#Mercosur<\/a>: Por primera vez desde 1996 no hay declaraci\u00f3n de apoyo de los pa\u00edses al reclamo.Gracias Milei<br>Antes<br>&#8211; Mondino pide opini\u00f3n a los isle\u00f1os en campa\u00f1a.<br>&#8211; Cameron visita las islas. No hay condena del gobierno al usurpador brit\u00e1nico.<br>&#8211; ONU:Comit\u00e9 de (sigue\ud83d\udc47<\/p>&mdash; Guillermo Justo CHAVES\ud83c\udde6\ud83c\uddf7 (@guillechavesok) <a href=\"https:\/\/twitter.com\/guillechavesok\/status\/1815432059256484095?ref_src=twsrc%5Etfw\">July 22, 2024<\/a><\/blockquote> <script async src=\"https:\/\/platform.twitter.com\/widgets.js\" charset=\"utf-8\"><\/script>\n\n\n\n<p><\/p>\n\n\n\n<p>Chaves, enumer\u00f3 en redes sociales los errores de la diplomacia argentina previos a la reuni\u00f3n del Mercosur, sumado a la pasividad de las autoridades argentinas mostrada ante el anuncio de nuevos ejercicios militares del Reino Unido en Malvinas, y asegur\u00f3: \u00abGobierno m\u00e1s neocolonial no se consigue\u00bb.<\/p>\n\n\n\n<p>Por primera vez desde 1996 un documento del bloque econ\u00f3mico del Mercosur excluy\u00f3 la reivindicaci\u00f3n territorial de las islas del Atl\u00e1ntico Sur, tras el cierre de la 64\u00b0 celebrada en Asunci\u00f3n.<\/p>\n","protected":false},"excerpt":{"rendered":"<p>Para el exjefe de Gabinete de Canciller&iacute;a, Guillermo Justo Chaves, la Pol&iacute;tica Exterior del Gobierno Nacional est&aacute; en un &laquo;deterioro progresivo&raquo;. Esto se debe luego del nuevo tropiezo de la Canciller&iacute;a Argentina al no incluir el reclamo soberano por las Islas Malvinas ante el Mercosur frente a los jefe de Estado de la regi&oacute;n, tras [&hellip;]<\/p>\n","protected":false},"author":2,"featured_media":4983,"comment_status":"open","ping_status":"open","sticky":false,"template":"","format":"standard","meta":{"footnotes":""},"categories":[5,176],"tags":[2015,2014,1992,554],"class_list":["post-4982","post","type-post","status-publish","format-standard","has-post-thumbnail","hentry","category-nacionales","category-politica","tag-canceilleria-argentina","tag-guillermo-justo-chaves","tag-islas-malvinas","tag-mercosur"],"_links":{"self":[{"href":"https:\/\/partediario.com.ar\/index.php?rest_route=\/wp\/v2\/posts\/4982","targetHints":{"allow":["GET"]}}],"collection":[{"href":"https:\/\/partediario.com.ar\/index.php?rest_route=\/wp\/v2\/posts"}],"about":[{"href":"https:\/\/partediario.com.ar\/index.php?rest_route=\/wp\/v2\/types\/post"}],"author":[{"embeddable":true,"href":"https:\/\/partediario.com.ar\/index.php?rest_route=\/wp\/v2\/users\/2"}],"replies":[{"embeddable":true,"href":"https:\/\/partediario.com.ar\/index.php?rest_route=%2Fwp%2Fv2%2Fcomments&post=4982"}],"version-history":[{"count":1,"href":"https:\/\/partediario.com.ar\/index.php?rest_route=\/wp\/v2\/posts\/4982\/revisions"}],"predecessor-version":[{"id":4984,"href":"https:\/\/partediario.com.ar\/index.php?rest_route=\/wp\/v2\/posts\/4982\/revisions\/4984"}],"wp:featuredmedia":[{"embeddable":true,"href":"https:\/\/partediario.com.ar\/index.php?rest_route=\/wp\/v2\/media\/4983"}],"wp:attachment":[{"href":"https:\/\/partediario.com.ar\/index.php?rest_route=%2Fwp%2Fv2%2Fmedia&parent=4982"}],"wp:term":[{"taxonomy":"category","embeddable":true,"href":"https:\/\/partediario.com.ar\/index.php?rest_route=%2Fwp%2Fv2%2Fcategories&post=4982"},{"taxonomy":"post_tag","embeddable":true,"href":"https:\/\/partediario.com.ar\/index.php?rest_route=%2Fwp%2Fv2%2Ftags&post=4982"}],"curies":[{"name":"wp","href":"https:\/\/api.w.org\/{rel}","templated":true}]}}