{"id":4985,"date":"2024-07-25T09:42:14","date_gmt":"2024-07-25T12:42:14","guid":{"rendered":"https:\/\/partediario.com.ar\/?p=4985"},"modified":"2024-07-25T09:42:15","modified_gmt":"2024-07-25T12:42:15","slug":"clima-en-entre-rios-suben-levemente-las-temperaturas-y-sale-el-sol-en-la-provincia","status":"publish","type":"post","link":"https:\/\/partediario.com.ar\/?p=4985","title":{"rendered":"Clima en Entre R\u00edos: suben levemente las temperaturas y sale el sol en la provincia"},"content":{"rendered":"\n<p><strong>Luego de varios d\u00edas con neblinas y con cielo nublado sale el sol en Entre R\u00edos. Sin embargo se anticipa una nueva ola de fr\u00edo para los pr\u00f3ximos d\u00edas.<\/strong><\/p>\n\n\n\n<p>El Servicio Meteorol\u00f3gico Nacional -SMN- pronostica buen clima para este jueves en Entre R\u00edos, luego de varios d\u00edas inestables y nuboso. Se registra una suave baja de las temperaturas -sobre todo m\u00ednimas de 7 a 9 grados- y una merma de la humedad.<\/p>\n\n\n\n<p>El sol vuelve a salir este jueves, luego de varias jornadas grises y h\u00famedas. Se prev\u00e9 que el cielo est\u00e9 entre despejado y parcialmente nublado en distintos puntos de la provincia, sin la presencia de lluvias.<\/p>\n\n\n\n<p>El pron\u00f3stico extendido anticipa que una nueva ola de fr\u00edo llegar\u00eda tras el fin de semana. Para el lunes y martes se aguarda la llegada de viento sur que provoque un nuevo descenso de las temperaturas.<\/p>\n\n\n\n<p>En Paran\u00e1, La Paz, Villaguay, Diamante y Nogoy\u00e1 la m\u00ednima ser\u00e1 de 7 grados y la m\u00e1xima alcanzar\u00e1 los 20 grados. En la capital y alrededores se espera una jornada despejada y algo nublada.<\/p>\n\n\n\n<p>Mientras que en Concordia, Federal, Feliciano, Federaci\u00f3n y San Salvador, en tanto, se espera una m\u00ednima de 10 grados y una m\u00e1xima de 20 grados. All\u00ed tambi\u00e9n se prev\u00e9 una jornada algo nublada.<\/p>\n\n\n\n<p>En Gualeguaych\u00fa, Col\u00f3n, Uruguay, Tala e Islas, se pronostica una m\u00ednima de 8 grados y una m\u00e1xima de 19 grados. Se espera una jornada ligeramente nublada.<\/p>\n\n\n\n<p>Por su parte en Gualeguay y Victoria la m\u00ednima es de 4 grados y la m\u00e1xima de 19 grados. La jornada comenzar\u00e1 despejada y luego se espera la llegada de nubes.<\/p>\n\n\n\n<p><\/p>\n\n\n\n<p><strong>Clima en las principales ciudades entrerrianas<\/strong><\/p>\n\n\n\n<p><\/p>\n\n\n\n<figure class=\"wp-block-image size-full\"><img loading=\"lazy\" decoding=\"async\" width=\"679\" height=\"554\" src=\"https:\/\/partediario.com.ar\/wp-content\/uploads\/scrnli_25_7_2024_9-40-16.png\" alt=\"\" class=\"wp-image-4986\" srcset=\"https:\/\/partediario.com.ar\/wp-content\/uploads\/scrnli_25_7_2024_9-40-16.png 679w, https:\/\/partediario.com.ar\/wp-content\/uploads\/scrnli_25_7_2024_9-40-16-300x245.png 300w\" sizes=\"auto, (max-width: 679px) 100vw, 679px\" \/><\/figure>\n","protected":false},"excerpt":{"rendered":"<p>Luego de varios d&iacute;as con neblinas y con cielo nublado sale el sol en Entre R&iacute;os. Sin embargo se anticipa una nueva ola de fr&iacute;o para los pr&oacute;ximos d&iacute;as. El Servicio Meteorol&oacute;gico Nacional -SMN- pronostica buen clima para este jueves en Entre R&iacute;os, luego de varios d&iacute;as inestables y nuboso. Se registra una suave baja [&hellip;]<\/p>\n","protected":false},"author":2,"featured_media":4987,"comment_status":"open","ping_status":"open","sticky":false,"template":"","format":"standard","meta":{"footnotes":""},"categories":[8,726],"tags":[267,257],"class_list":["post-4985","post","type-post","status-publish","format-standard","has-post-thumbnail","hentry","category-provinciales","category-sociedad","tag-clima","tag-entre-rios"],"_links":{"self":[{"href":"https:\/\/partediario.com.ar\/index.php?rest_route=\/wp\/v2\/posts\/4985","targetHints":{"allow":["GET"]}}],"collection":[{"href":"https:\/\/partediario.com.ar\/index.php?rest_route=\/wp\/v2\/posts"}],"about":[{"href":"https:\/\/partediario.com.ar\/index.php?rest_route=\/wp\/v2\/types\/post"}],"author":[{"embeddable":true,"href":"https:\/\/partediario.com.ar\/index.php?rest_route=\/wp\/v2\/users\/2"}],"replies":[{"embeddable":true,"href":"https:\/\/partediario.com.ar\/index.php?rest_route=%2Fwp%2Fv2%2Fcomments&post=4985"}],"version-history":[{"count":1,"href":"https:\/\/partediario.com.ar\/index.php?rest_route=\/wp\/v2\/posts\/4985\/revisions"}],"predecessor-version":[{"id":4988,"href":"https:\/\/partediario.com.ar\/index.php?rest_route=\/wp\/v2\/posts\/4985\/revisions\/4988"}],"wp:featuredmedia":[{"embeddable":true,"href":"https:\/\/partediario.com.ar\/index.php?rest_route=\/wp\/v2\/media\/4987"}],"wp:attachment":[{"href":"https:\/\/partediario.com.ar\/index.php?rest_route=%2Fwp%2Fv2%2Fmedia&parent=4985"}],"wp:term":[{"taxonomy":"category","embeddable":true,"href":"https:\/\/partediario.com.ar\/index.php?rest_route=%2Fwp%2Fv2%2Fcategories&post=4985"},{"taxonomy":"post_tag","embeddable":true,"href":"https:\/\/partediario.com.ar\/index.php?rest_route=%2Fwp%2Fv2%2Ftags&post=4985"}],"curies":[{"name":"wp","href":"https:\/\/api.w.org\/{rel}","templated":true}]}}