{"id":4989,"date":"2024-07-25T11:48:19","date_gmt":"2024-07-25T14:48:19","guid":{"rendered":"https:\/\/partediario.com.ar\/?p=4989"},"modified":"2024-07-25T11:48:20","modified_gmt":"2024-07-25T14:48:20","slug":"mortandad-de-peces-en-gualeguaychu-habria-sido-causada-por-la-historica-ola-polar","status":"publish","type":"post","link":"https:\/\/partediario.com.ar\/?p=4989","title":{"rendered":"Mortandad de peces en Gualeguaych\u00fa habr\u00eda sido causada por la hist\u00f3rica ola polar"},"content":{"rendered":"\n<p><strong>El martes 9 de julio pasado, Gualeguaych\u00fa registr\u00f3 el r\u00e9cord de 7,6 grados bajo cero de temperatura. Esta fue la m\u00e1s fr\u00eda de las jornadas que se recuerde y le adjudican la importante mortandad de peces sucedida en esa zona.<\/strong><\/p>\n\n\n\n<p>Las bajas temperaturas habr\u00edan provocado la mortandad de peces en el r\u00edo Gualeguaych\u00fa, seg\u00fan se\u00f1alaron desde el municipio de la ciudad hom\u00f3nima. Hicieron notar que estos cambios suelen ser letales para muchas especies de peces, especialmente aquellas que no est\u00e1n adaptadas a cambios bruscos en su entorno.<\/p>\n\n\n\n<p>Vale recordar que, en medio de la intensa ola polar, el martes 9 de julio pasado, Gualeguaych\u00fa registr\u00f3 el r\u00e9cord hist\u00f3rico de 7,6 grados bajo cero.<\/p>\n\n\n\n<p>De acuerdo a los especialistas, \u201clas temperaturas fr\u00edas de las \u00faltimas semanas han generado estr\u00e9s por el fr\u00edo, afectando el comportamiento de los peces. Se los ha observado aletargados, algunos enfermos con pel\u00edculas blancuzcas y puntos rojos sobre su piel, nadando de forma invertida y tambi\u00e9n flotando muertos o sobre las costas\u201d, indicaron.<\/p>\n\n\n\n<p>La subsecretaria de Ambiente de la comuna, Ivana Zecca, detall\u00f3 que \u00abmuchas especies de peces de la cuenca del Plata (r\u00edo Uruguay y Paran\u00e1) derivan de la gran \u00f3rbita Amaz\u00f3nica, de origen tropical y adaptadas a climas c\u00e1lidos. Estos peces con origen amaz\u00f3nico, como los del Orden Siluriformes (bagres, surub\u00edes, pat\u00edes) y del Orden Characiformes (mojarras, bogas, dorado, s\u00e1balo), todos ellos son sensibles a las bajas temperaturas. Por debajo de ciertos valores, su metabolismo se enlentece y baja mucho su actividad, muchas veces al punto que dejan de alimentarse. Esto ocasiona una depresi\u00f3n del sistema inmune, quedando expuestos a microorganismos, hongos y par\u00e1sitos oportunistas que los enferman y matan\u00bb.<\/p>\n\n\n\n<p>En ese marco, pidi\u00f3 \u201ccolaborar reportando cualquier avistamiento de peces muertos o en mal estado y no tocarlos. Los mismos ser\u00e1n estudiados por un equipo especializado de la subsecretaria de Ambiente\u201d.<\/p>\n","protected":false},"excerpt":{"rendered":"<p>El martes 9 de julio pasado, Gualeguaych&uacute; registr&oacute; el r&eacute;cord de 7,6 grados bajo cero de temperatura. Esta fue la m&aacute;s fr&iacute;a de las jornadas que se recuerde y le adjudican la importante mortandad de peces sucedida en esa zona. Las bajas temperaturas habr&iacute;an provocado la mortandad de peces en el r&iacute;o Gualeguaych&uacute;, seg&uacute;n se&ntilde;alaron [&hellip;]<\/p>\n","protected":false},"author":2,"featured_media":4990,"comment_status":"open","ping_status":"open","sticky":false,"template":"","format":"standard","meta":{"footnotes":""},"categories":[8,726],"tags":[2016,2019,1634,2018,1165],"class_list":["post-4989","post","type-post","status-publish","format-standard","has-post-thumbnail","hentry","category-provinciales","category-sociedad","tag-gueleguaychu","tag-mortandad","tag-ola","tag-peces","tag-polar"],"_links":{"self":[{"href":"https:\/\/partediario.com.ar\/index.php?rest_route=\/wp\/v2\/posts\/4989","targetHints":{"allow":["GET"]}}],"collection":[{"href":"https:\/\/partediario.com.ar\/index.php?rest_route=\/wp\/v2\/posts"}],"about":[{"href":"https:\/\/partediario.com.ar\/index.php?rest_route=\/wp\/v2\/types\/post"}],"author":[{"embeddable":true,"href":"https:\/\/partediario.com.ar\/index.php?rest_route=\/wp\/v2\/users\/2"}],"replies":[{"embeddable":true,"href":"https:\/\/partediario.com.ar\/index.php?rest_route=%2Fwp%2Fv2%2Fcomments&post=4989"}],"version-history":[{"count":1,"href":"https:\/\/partediario.com.ar\/index.php?rest_route=\/wp\/v2\/posts\/4989\/revisions"}],"predecessor-version":[{"id":4991,"href":"https:\/\/partediario.com.ar\/index.php?rest_route=\/wp\/v2\/posts\/4989\/revisions\/4991"}],"wp:featuredmedia":[{"embeddable":true,"href":"https:\/\/partediario.com.ar\/index.php?rest_route=\/wp\/v2\/media\/4990"}],"wp:attachment":[{"href":"https:\/\/partediario.com.ar\/index.php?rest_route=%2Fwp%2Fv2%2Fmedia&parent=4989"}],"wp:term":[{"taxonomy":"category","embeddable":true,"href":"https:\/\/partediario.com.ar\/index.php?rest_route=%2Fwp%2Fv2%2Fcategories&post=4989"},{"taxonomy":"post_tag","embeddable":true,"href":"https:\/\/partediario.com.ar\/index.php?rest_route=%2Fwp%2Fv2%2Ftags&post=4989"}],"curies":[{"name":"wp","href":"https:\/\/api.w.org\/{rel}","templated":true}]}}