{"id":5001,"date":"2024-07-25T12:31:02","date_gmt":"2024-07-25T15:31:02","guid":{"rendered":"https:\/\/partediario.com.ar\/?p=5001"},"modified":"2024-07-25T12:31:07","modified_gmt":"2024-07-25T15:31:07","slug":"el-gobierno-disolveria-alrededor-de-60-organismos-publicos","status":"publish","type":"post","link":"https:\/\/partediario.com.ar\/?p=5001","title":{"rendered":"El Gobierno disolver\u00eda alrededor de 60 organismos p\u00fablicos"},"content":{"rendered":"\n<h3 class=\"wp-block-heading\">La medida se implementar\u00eda en los pr\u00f3ximos meses, mientras duren las facultades especiales; el rol de Sturzenegger y su flamante Ministerio de Desregulaci\u00f3n.<\/h3>\n\n\n\n<p>El gobierno nacional eval\u00faa disolver cerca de 60 organismos del Estado. La decisi\u00f3n, que se concretar\u00eda a trav\u00e9s de uno o de una serie de decretos, forma parte de los planes del Ministerio de Desregulaci\u00f3n y Transformaci\u00f3n del Estado, a cargo de Federico Sturzenegger, de acuerdo a informaci\u00f3n de fuentes oficiales.<\/p>\n\n\n\n<p>El Gobierno aun no defini\u00f3 la fecha en que las nuevas normas comenzar\u00e1n a salir a la luz. \u201cEst\u00e1 la decisi\u00f3n pol\u00edtica para avanzar, pero no est\u00e1 definido ni el plan de trabajo, ni el listado de organismos\u201d, se\u00f1alaron funcionarios de Casa Rosada.<\/p>\n\n\n\n<p>La ola de disoluciones de organismos, seg\u00fan precisan desde el Gobierno, deber\u00e1 concretarse dentro de los pr\u00f3ximos 12 meses. Ese es el plazo de las facultades extraordinarias otorgadas al presidente Javier Milei para firmar esos decretos.<\/p>\n\n\n\n<p>La delegaci\u00f3n lo habilita a \u201cmodificar o eliminar las competencias y funciones\u201d, sin pasar por el Congreso de la Naci\u00f3n. Se trata de una de las potestades que le otorg\u00f3 la Ley Bases, cuya promulgaci\u00f3n se concret\u00f3 el 8 de julio. Por eso, el plazo es prioritario en la decisi\u00f3n.<\/p>\n\n\n\n<p>Entre los primeros organismos a los que apuntar\u00e1 el Gobierno aparece el Instituto Nacional contra el Instituto Nacional contra la Discriminaci\u00f3n, la Xenofobia y el Racismo (Inadi), cuyo cierre se anunci\u00f3 en febrero, que por el momento no se implement\u00f3. En la lista tambi\u00e9n figuran el Instituto Nacional de Asuntos Ind\u00edgenas (INAI) y el Instituto Nacional de Juventud (Injuve), entre otros.<\/p>\n\n\n\n<p>Seg\u00fan explicaron distintas fuentes consultadas, la idea de avanzar con los cierres va en l\u00ednea con la decisi\u00f3n de reducir el volumen del Estado, sin pasar por el Congreso, y avanzar con el achicamiento de la cantidad de empleados de la planta p\u00fablica.<\/p>\n\n\n\n<p>Esos son los objetivos que se impuso el Gobierno desde su llegada a la Casa Rosada y que, en materia de empleados p\u00fablicos, se concret\u00f3 hasta hora con la ca\u00edda de unos 25.000 contratos, en marzo y junio pasado.<\/p>\n\n\n\n<p>En el Gobierno entienden que, en muchos casos, las funciones de algunos de esos entes u organismos \u201cest\u00e1n duplicadas\u201d.<\/p>\n\n\n\n<p>Adem\u00e1s tienen en foco organismos que, seg\u00fan la gesti\u00f3n libertaria, \u201cfueron inventados por el kirchnerismo para crear cajas o ubicar militantes\u201d. Para el ministerio de Sturzenegger esas disoluciones tambi\u00e9n apuntan a \u201creducir las trabas y tr\u00e1mites que en muchos casos esos organismos generan\u201d. Como una parte de las modificaciones exigen que se aprueben a trav\u00e9s de nuevas leyes del Congreso, Sturzenegger se reuni\u00f3 el martes durante dos horas con el titular de la C\u00e1mara baja, Mart\u00edn Menem, para definir una estrategia en el Congreso.<\/p>\n\n\n\n<p>Sturzenegger tiene en su poder una planilla de Excel donde el organigrama aparece detallado con colores, que anticipan sus objetivos.<\/p>\n\n\n\n<p>Con los cambios en la Ley Bases quedaron fuera de alcance del Gobierno los siguientes organismos: CONICET, ANMAT, ANLIS, CNEA, CONAE, INCUCAI, INTA y SENASA, entre otros. La oposici\u00f3n logr\u00f3 blindarlos durante el debate en el Congreso para que no puedan ser reducidos ni eliminados.<\/p>\n\n\n\n<p>En la implementaci\u00f3n del proyecto de disoluci\u00f3n de los organismos tambi\u00e9n trabajan el vicejefe de Gabinete, Jos\u00e9 Rolandi, y la titular de la Secretar\u00eda de Planeamiento Estrat\u00e9gico, Mar\u00eda Ibarzabal.<\/p>\n\n\n\n<p>En la estructura del Estado figuran adem\u00e1s el Instituto Nacional de la Movilidad, el Instituto Nacional de Asociativismo y Econom\u00eda Social (INAES); el Instituto Nacional de Cine y Artes Audiovisuales (INCAA), el Instituto Nacional de la M\u00fasica (INAMU); el Instituto Nacional del Teatro (INT); Casa Patria Grande Presidente N\u00e9stor Kirchner; el Instituto Nacional \u201cJ. D. Per\u00f3n\u201d de Estudios e Investigaciones Hist\u00f3ricas, Sociales y Pol\u00edticas, entre otros. Aunque no fueron mencionados, algunos est\u00e1n en la mira de la evaluaci\u00f3n del Gobierno.<\/p>\n\n\n\n<p>Sturzenegger, hombre de extrema confianza del presidente Milei, asumi\u00f3 en su cargo tres semanas atr\u00e1s. Con despacho en el primer piso de Casa Rosada, el funcionario es evaluado como posible representante del Ejecutivo en el Consejo de Mayo, el grupo con el que se buscar\u00e1 hacer un seguimiento a los diez puntos que contempla el Acta de Mayo, firmada el \u00faltimo 9 de julio en Tucum\u00e1n.<\/p>\n\n\n\n<p>Su llegada al Gabinete se aguardaba desde fines de mayo pasado, cuando el Gobierno inici\u00f3 una serie de cambios tras la salida del hasta entonces jefe de ministros, Nicol\u00e1s Posse. Sturzenegger ingres\u00f3 con rango de ministro, porque como incluso indicaban cerca del mandatario, \u201cJavier lo quiere sentado en las reuniones de Gabinete\u201d. Para el Presidente, avanzar con la desregulaci\u00f3n del Estado es pr\u00e1cticamente una obsesi\u00f3n.<\/p>\n","protected":false},"excerpt":{"rendered":"<p>La medida se implementar&iacute;a en los pr&oacute;ximos meses, mientras duren las facultades especiales; el rol de Sturzenegger y su flamante Ministerio de Desregulaci&oacute;n. El gobierno nacional eval&uacute;a disolver cerca de 60 organismos del Estado. La decisi&oacute;n, que se concretar&iacute;a a trav&eacute;s de uno o de una serie de decretos, forma parte de los planes del [&hellip;]<\/p>\n","protected":false},"author":2,"featured_media":5002,"comment_status":"open","ping_status":"open","sticky":false,"template":"","format":"standard","meta":{"footnotes":""},"categories":[5,176],"tags":[1379,863,1484,232,2030,2031],"class_list":["post-5001","post","type-post","status-publish","format-standard","has-post-thumbnail","hentry","category-nacionales","category-politica","tag-cierre","tag-estado","tag-federico-sturzenegger","tag-javier-milei","tag-organismos","tag-publicos"],"_links":{"self":[{"href":"https:\/\/partediario.com.ar\/index.php?rest_route=\/wp\/v2\/posts\/5001","targetHints":{"allow":["GET"]}}],"collection":[{"href":"https:\/\/partediario.com.ar\/index.php?rest_route=\/wp\/v2\/posts"}],"about":[{"href":"https:\/\/partediario.com.ar\/index.php?rest_route=\/wp\/v2\/types\/post"}],"author":[{"embeddable":true,"href":"https:\/\/partediario.com.ar\/index.php?rest_route=\/wp\/v2\/users\/2"}],"replies":[{"embeddable":true,"href":"https:\/\/partediario.com.ar\/index.php?rest_route=%2Fwp%2Fv2%2Fcomments&post=5001"}],"version-history":[{"count":1,"href":"https:\/\/partediario.com.ar\/index.php?rest_route=\/wp\/v2\/posts\/5001\/revisions"}],"predecessor-version":[{"id":5003,"href":"https:\/\/partediario.com.ar\/index.php?rest_route=\/wp\/v2\/posts\/5001\/revisions\/5003"}],"wp:featuredmedia":[{"embeddable":true,"href":"https:\/\/partediario.com.ar\/index.php?rest_route=\/wp\/v2\/media\/5002"}],"wp:attachment":[{"href":"https:\/\/partediario.com.ar\/index.php?rest_route=%2Fwp%2Fv2%2Fmedia&parent=5001"}],"wp:term":[{"taxonomy":"category","embeddable":true,"href":"https:\/\/partediario.com.ar\/index.php?rest_route=%2Fwp%2Fv2%2Fcategories&post=5001"},{"taxonomy":"post_tag","embeddable":true,"href":"https:\/\/partediario.com.ar\/index.php?rest_route=%2Fwp%2Fv2%2Ftags&post=5001"}],"curies":[{"name":"wp","href":"https:\/\/api.w.org\/{rel}","templated":true}]}}