{"id":5013,"date":"2024-07-25T14:49:06","date_gmt":"2024-07-25T17:49:06","guid":{"rendered":"https:\/\/partediario.com.ar\/?p=5013"},"modified":"2024-07-25T14:49:09","modified_gmt":"2024-07-25T17:49:09","slug":"milei-y-villarruel-pelean-por-quien-presidira-la-comision-bicameral-de-inteligencia-y-los-cien-millones-de-pesos-obtenidos-para-la-side","status":"publish","type":"post","link":"https:\/\/partediario.com.ar\/?p=5013","title":{"rendered":"Milei y Villarruel pelean por qui\u00e9n presidir\u00e1 la Comisi\u00f3n Bicameral de Inteligencia y los cien millones de pesos obtenidos para la SIDE"},"content":{"rendered":"\n<p><strong>La asignaci\u00f3n de $100.000 millones a la flamante Secretar\u00eda de Inteligencia del Estado (SIDE) en materia de fondos reservados desat\u00f3 la pelea por el control de los organismos dedicados al espionaje.<\/strong><\/p>\n\n\n\n<p>A partir de esa ampliaci\u00f3n de las partidas presupuestarias, todas los ca\u00f1ones apuntaron sobre el Congreso, puntualmente en la estrat\u00e9gica Comisi\u00f3n Bicameral de Seguimiento de los Organismos de Seguridad e Inteligencia, que a ocho meses de la asunci\u00f3n de Javier Milei aun no est\u00e1 conformada.<\/p>\n\n\n\n<p>Se trata del \u00fanico \u00f3rgano con potestad de monitorear los gastos reservados de la SIDE, encabezada hoy por el ex tesorero del Consejo Escolar de Malvinas Argentinas, Sergio Neiffert, pero manejada realmente por el mandam\u00e1s asesor presidencial Santiago Caputo alias \u00abCaputito\u00bb. En La Libertad Avanza tienen un obst\u00e1culo en su debilidad legislativa: la titularidad de la bicameral, por reglamento, le corresponde a un integrante de la C\u00e1mara alta, pero no hay senadores libertarios que vayan a integrar la comisi\u00f3n, \u00fanicamente solo diputados.<\/p>\n\n\n\n<p>Ese lugar est\u00e1 disputado por el dirigente misionero del PRO, Mart\u00edn Goerling, y el traidor entrerriano Gustavo Kueider, un aliado clave del Gobierno en el Senado. El principal impulsor de la candidatura de Kueider es ni m\u00e1s ni menos que \u00abCaputito\u00bb. Ambos generaron lazos en el \u00faltimo tiempo a partir del acompa\u00f1amiento del senador del PJ a la ley Bases. Como recompensa a su voto afirmativo, Kueider logr\u00f3 colocar a un hombre de su confianza al frente de la conducci\u00f3n de la represa de Salto Grande. Se rumorea su paso a las filas libertarias de cara a las pr\u00f3ximas elecciones de medio tiempo.<\/p>\n\n\n\n<p>Sin embargo, puertas adentro de La Libertad Avanza no hay consenso y mete presi\u00f3n a la guerra desatada que por estas horas entre la vicepresidenta Victoria Villarruel con Karina Milei. \u00abMuy peronista\u00bb, deslizan cerca de la titular del Senado en referencia al Kueider. \u00bfHubo un acuerdo entre el macrismo y Villarruel para que sea Goerling quien comande la Comisi\u00f3n de Inteligencia?<\/p>\n\n\n\n<p>En el libertarianismo est\u00e1n muy interesados en que la bicameral cuente con una mayor\u00eda de legisladores afines que pudiera llegar a frenar cualquier investigaci\u00f3n de negociados. Por este motivo, la semana pasada, el presidente de la C\u00e1mara baja, Mart\u00edn Menem, tom\u00f3 una fuerte decisis\u00f3n: le quit\u00f3 el lugar que le hab\u00eda prometido a Emilio Monz\u00f3 para d\u00e1rselo a un diputado libertario, una actitud que explot\u00f3 los puentes construidos con el bloque de Hacemos Coalici\u00f3n Federal, comandado por Miguel \u00c1ngel Pichetto. En la mesa chica del Presidente no cay\u00f3 bien la ausencia del diputado al Pacto de Mayo en Tucum\u00e1n. \u00abSab\u00edan que era un evento importante para el Gobierno y a\u00fan as\u00ed no fueron\u00bb, deslizan, con cierto enojo.<\/p>\n\n\n\n<p>Pocos d\u00edas antes del lanzamiento del nuevo organigrama de la SIDE, desde la Casa Rosada le bajaron la orden a Menem para que acelerase la conformaci\u00f3n de la Comisi\u00f3n de Inteligencia, que cuenta con algunas peculiaridades: sus miembros sesionan en secreto, en una oficina del quinto piso del edificio anexo del Senado, donde reciben a los agentes y estudian la documentaci\u00f3n enviada por diversos funcionarios.<\/p>\n\n\n\n<p>\u00abEs grave que se haya resuelto una reforma de la AFI por DNU\u00bb, alert\u00f3, el siempre atentos a estas cuestiones, Leopoldo Moreau. La oposici\u00f3n considera que La Libertad Avanza tendr\u00eda que haber enviado un proyecto de ley para ser debatido en el Congreso debido a que la AFI fue creada en marzo de 2015 con la promulgaci\u00f3n de la Ley de Inteligencia Nacional (N\u00b0 25 520), que disolvi\u00f3 la otrora Secretar\u00eda de Inteligencia (SI).<\/p>\n","protected":false},"excerpt":{"rendered":"<p>La asignaci&oacute;n de $100.000 millones a la flamante Secretar&iacute;a de Inteligencia del Estado (SIDE) en materia de fondos reservados desat&oacute; la pelea por el control de los organismos dedicados al espionaje. A partir de esa ampliaci&oacute;n de las partidas presupuestarias, todas los ca&ntilde;ones apuntaron sobre el Congreso, puntualmente en la estrat&eacute;gica Comisi&oacute;n Bicameral de Seguimiento [&hellip;]<\/p>\n","protected":false},"author":2,"featured_media":5014,"comment_status":"open","ping_status":"open","sticky":false,"template":"","format":"standard","meta":{"footnotes":""},"categories":[5,176],"tags":[280,232,2035,262,1810,1809,233],"class_list":["post-5013","post","type-post","status-publish","format-standard","has-post-thumbnail","hentry","category-nacionales","category-politica","tag-edgardo-kueider","tag-javier-milei","tag-martin-goerling","tag-martin-menem","tag-sergio-neiffert","tag-side","tag-victoria-villarruel"],"_links":{"self":[{"href":"https:\/\/partediario.com.ar\/index.php?rest_route=\/wp\/v2\/posts\/5013","targetHints":{"allow":["GET"]}}],"collection":[{"href":"https:\/\/partediario.com.ar\/index.php?rest_route=\/wp\/v2\/posts"}],"about":[{"href":"https:\/\/partediario.com.ar\/index.php?rest_route=\/wp\/v2\/types\/post"}],"author":[{"embeddable":true,"href":"https:\/\/partediario.com.ar\/index.php?rest_route=\/wp\/v2\/users\/2"}],"replies":[{"embeddable":true,"href":"https:\/\/partediario.com.ar\/index.php?rest_route=%2Fwp%2Fv2%2Fcomments&post=5013"}],"version-history":[{"count":1,"href":"https:\/\/partediario.com.ar\/index.php?rest_route=\/wp\/v2\/posts\/5013\/revisions"}],"predecessor-version":[{"id":5015,"href":"https:\/\/partediario.com.ar\/index.php?rest_route=\/wp\/v2\/posts\/5013\/revisions\/5015"}],"wp:featuredmedia":[{"embeddable":true,"href":"https:\/\/partediario.com.ar\/index.php?rest_route=\/wp\/v2\/media\/5014"}],"wp:attachment":[{"href":"https:\/\/partediario.com.ar\/index.php?rest_route=%2Fwp%2Fv2%2Fmedia&parent=5013"}],"wp:term":[{"taxonomy":"category","embeddable":true,"href":"https:\/\/partediario.com.ar\/index.php?rest_route=%2Fwp%2Fv2%2Fcategories&post=5013"},{"taxonomy":"post_tag","embeddable":true,"href":"https:\/\/partediario.com.ar\/index.php?rest_route=%2Fwp%2Fv2%2Ftags&post=5013"}],"curies":[{"name":"wp","href":"https:\/\/api.w.org\/{rel}","templated":true}]}}