{"id":5019,"date":"2024-07-25T16:22:47","date_gmt":"2024-07-25T19:22:47","guid":{"rendered":"https:\/\/partediario.com.ar\/?p=5019"},"modified":"2024-07-25T16:22:48","modified_gmt":"2024-07-25T19:22:48","slug":"david-martinez-el-dipy-se-incorpora-al-equipo-de-milei","status":"publish","type":"post","link":"https:\/\/partediario.com.ar\/?p=5019","title":{"rendered":"David Mart\u00ednez (El Dipy) se incorpora al equipo de Milei"},"content":{"rendered":"\n<p><strong>Se trata de David Mart\u00ednez, oriundo de Gualeguaych\u00fa, popularmente conocido como el Dipy. Estar\u00e1 por contrato coordinando un programa de la Secretar\u00eda de Cultura destinado a artistas emergentes.<\/strong><\/p>\n\n\n\n<p>David \u201cEl Dipy\u201d Mart\u00ednez, cantante y excandidato a intendente de la Matanza de La Libertad Avanza, nacido en la localidad entrerriana de Gualeguaych\u00fa, se suma al equipo de trabajo del presidente Javier Milei, espec\u00edficamente, desarrollando una funci\u00f3n en la Secretar\u00eda de Cultura, donde se encargar\u00e1 de coordinar un programa de artistas emergentes.<\/p>\n\n\n\n<p>Con esta nueva designaci\u00f3n en el organismo que est\u00e1 encabezado por el secretario Leonardo Cifelli, y a su vez, depende de la ministra de Capital Humano, Sandra Pettovello, el artista gualeguaychuense percibir\u00e1 alrededor de un mill\u00f3n y medio de pesos.<\/p>\n\n\n\n<p>La tarea de el Dipy ser\u00e1 asesorar y coordinar un nuevo proyecto cultural para fomentar y acercar los artistas emergentes con una perspectiva de inclusi\u00f3n social en diferentes puntos del pa\u00eds.<\/p>\n\n\n\n<p>Desde el gobierno nacional aclararon que el entrerriano no tendr\u00e1 un cargo permanente en el Estado, sino que se ocupar\u00e1 por contrato de este programa.<\/p>\n\n\n\n<p>El a\u00f1o pasado, Mart\u00ednez fue el candidato de La Libertad Avanza en La Matanza, y logr\u00f3 quedarse con el segundo lugar. Obtuvo el 23%, muy por detr\u00e1s del actual intendente Fernando Espinoza, que sac\u00f3 45%.<\/p>\n","protected":false},"excerpt":{"rendered":"<p>Se trata de David Mart&iacute;nez, oriundo de Gualeguaych&uacute;, popularmente conocido como el Dipy. Estar&aacute; por contrato coordinando un programa de la Secretar&iacute;a de Cultura destinado a artistas emergentes. David &ldquo;El Dipy&rdquo; Mart&iacute;nez, cantante y excandidato a intendente de la Matanza de La Libertad Avanza, nacido en la localidad entrerriana de Gualeguaych&uacute;, se suma al equipo [&hellip;]<\/p>\n","protected":false},"author":2,"featured_media":5020,"comment_status":"open","ping_status":"open","sticky":false,"template":"","format":"standard","meta":{"footnotes":""},"categories":[5,176],"tags":[2039,2038,232,2040],"class_list":["post-5019","post","type-post","status-publish","format-standard","has-post-thumbnail","hentry","category-nacionales","category-politica","tag-david-martinez","tag-el-dipy","tag-javier-milei","tag-secretaria-de-cultura"],"_links":{"self":[{"href":"https:\/\/partediario.com.ar\/index.php?rest_route=\/wp\/v2\/posts\/5019","targetHints":{"allow":["GET"]}}],"collection":[{"href":"https:\/\/partediario.com.ar\/index.php?rest_route=\/wp\/v2\/posts"}],"about":[{"href":"https:\/\/partediario.com.ar\/index.php?rest_route=\/wp\/v2\/types\/post"}],"author":[{"embeddable":true,"href":"https:\/\/partediario.com.ar\/index.php?rest_route=\/wp\/v2\/users\/2"}],"replies":[{"embeddable":true,"href":"https:\/\/partediario.com.ar\/index.php?rest_route=%2Fwp%2Fv2%2Fcomments&post=5019"}],"version-history":[{"count":1,"href":"https:\/\/partediario.com.ar\/index.php?rest_route=\/wp\/v2\/posts\/5019\/revisions"}],"predecessor-version":[{"id":5021,"href":"https:\/\/partediario.com.ar\/index.php?rest_route=\/wp\/v2\/posts\/5019\/revisions\/5021"}],"wp:featuredmedia":[{"embeddable":true,"href":"https:\/\/partediario.com.ar\/index.php?rest_route=\/wp\/v2\/media\/5020"}],"wp:attachment":[{"href":"https:\/\/partediario.com.ar\/index.php?rest_route=%2Fwp%2Fv2%2Fmedia&parent=5019"}],"wp:term":[{"taxonomy":"category","embeddable":true,"href":"https:\/\/partediario.com.ar\/index.php?rest_route=%2Fwp%2Fv2%2Fcategories&post=5019"},{"taxonomy":"post_tag","embeddable":true,"href":"https:\/\/partediario.com.ar\/index.php?rest_route=%2Fwp%2Fv2%2Ftags&post=5019"}],"curies":[{"name":"wp","href":"https:\/\/api.w.org\/{rel}","templated":true}]}}