{"id":5022,"date":"2024-07-25T18:27:54","date_gmt":"2024-07-25T21:27:54","guid":{"rendered":"https:\/\/partediario.com.ar\/?p=5022"},"modified":"2024-07-25T18:27:55","modified_gmt":"2024-07-25T21:27:55","slug":"entre-rios-instan-a-usuarios-de-luz-y-gas-a-registrarse-para-no-perder-los-subsidios","status":"publish","type":"post","link":"https:\/\/partediario.com.ar\/?p=5022","title":{"rendered":"Entre R\u00edos: instan a usuarios de luz y gas a registrarse para no perder los subsidios"},"content":{"rendered":"\n<p><strong>El plazo es hasta el pr\u00f3ximo mi\u00e9rcoles 31 de julio. Quienes nunca hayan realizado el tr\u00e1mite de inscripci\u00f3n al Registro de Acceso a los Subsidios a la Energ\u00eda (RASE), deber\u00e1n hacerlo para continuar recibiendo la subvenci\u00f3n en estos servicios.<\/strong><\/p>\n\n\n\n<p>Para referirse a ese tema, este jueves se realiz\u00f3 una conferencia de prensa en Casa de Gobierno, encabezada por la secretaria de Energ\u00eda, Noelia Zapata; el presidente de Enersa, Ignacio Bergallo; el interventor del Ente Provincial Regulador de la Energ\u00eda (EPRE), Juan Domingo Zacar\u00edas. Acompa\u00f1\u00f3 tambi\u00e9n el coordinador de Programas Sociales de la Secretar\u00eda de Energ\u00eda, Germ\u00e1n Rojas.<\/p>\n\n\n\n<p>All\u00ed se inform\u00f3, adem\u00e1s, que si la persona que utiliza el servicio ya realiz\u00f3 la inscripci\u00f3n, no debe repetirla. Sin embargo, si nunca hizo el tr\u00e1mite y fue categorizado de manera autom\u00e1tica, s\u00ed o s\u00ed debe completar el formulario de inscripci\u00f3n, que tiene car\u00e1cter de declaraci\u00f3n jurada.<\/p>\n\n\n\n<p>Luego, el Estado nacional evaluar\u00e1 la informaci\u00f3n y le asignar\u00e1 el subsidio correspondiente, de acuerdo a las condiciones socio-econ\u00f3micas del hogar. Si quien desea inscribirse no posee la factura a su nombre, igualmente puede realizar la solicitud indicando que no es la persona titular.<\/p>\n\n\n\n<p>Para hacerlo deben ingresar a la p\u00e1gina web https:\/\/www.argentina.gob.ar\/subsidios. Ante cualquier duda o consulta el usuario podr\u00e1 comunicarse de 8 a 20 con la Secretar\u00eda de Energ\u00eda de la Naci\u00f3n, al 0800-222-7376.<\/p>\n\n\n\n<p><strong>En Entre R\u00edos<\/strong><\/p>\n\n\n\n<p>La secretaria de Energ\u00eda, Noelia Zapata, explic\u00f3 que en nuestra provincia, alrededor del 55 por ciento de los usuarios estaban alcanzados por estos subsidios. Se\u00f1al\u00f3 que se ha trabajado para \u00abdivulgar que las personas de menores recursos se inscriban en el sistema RASE, porque a partir del 1 de agosto perder\u00edan el subsidio y eso significa que su factura de energ\u00eda se va a incrementar notablemente\u00bb, acot\u00f3.<\/p>\n\n\n\n<p>La funcionaria subray\u00f3 que el subsidio que se pierde \u00abno es responsabilidad de la provincia. Es un subsidio que realiza la Naci\u00f3n, que antes se brindaba de manera autom\u00e1tica y ahora esa inscripci\u00f3n el Estado nacional la deja en manos de las personas\u00bb.<\/p>\n\n\n\n<p>Sobre los beneficios que ha dispuesto la gesti\u00f3n de Rogelio Frigerio, la funcionaria record\u00f3 que desde el 1 de enero se sac\u00f3 el \u00fanico impuesto que ten\u00eda la provincia sobre la factura de energ\u00eda, el del Fondo de Desarrollo El\u00e9ctrico, que representaba un 13 o 18 por ciento para los usuarios residenciales, dependiendo del consumo. \u00abLos \u00fanicos impuestos que tiene una factura de luz hoy son los nacionales y los municipales, no hay ning\u00fan recargo sobre la factura de energ\u00eda que le sea atribuible a la provincia\u00bb, asegur\u00f3.<\/p>\n\n\n\n<p><strong>Subsidios provinciales<\/strong><\/p>\n\n\n\n<p>Por otra parte, indic\u00f3 que \u00abhay 11 planes de subsidios que mantiene la provincia. No se sac\u00f3 ninguno a pesar de la crisis, e inclusive se est\u00e1n reanalizando cada uno de los sectores\u00bb. Enumer\u00f3 que se mantienen los subsidios para el deporte, que se incrementaron de 27 y 35 a 35 y 45 por ciento. Tambi\u00e9n el gobernador nos ha pedido para los clubes m\u00e1s peque\u00f1os que haya un piso de 100.000 pesos que sea subsidiado por completo\u00bb.<\/p>\n\n\n\n<p>Tambi\u00e9n se est\u00e1 trabajando en la reimplementaci\u00f3n de un subsidio a los efectores de salud, que estuvo vigente en \u00e9poca de pandemia, pero se hab\u00eda discontinuado. Tambi\u00e9n est\u00e1n vigentes subsidios de la provincia para jubilados y pensionados, familias de bajos recursos y electrodependientes, entre otros.<\/p>\n\n\n\n<p>El presidente de Enersa, Ignacio Bergallo, se\u00f1al\u00f3 que Enersa ha implementado una serie de planes de contenci\u00f3n. Uno de ellos para tenedores de la tarjeta Sidecreer, que podr\u00e1n pagar en tres cuotas sin inter\u00e9s; otro para emprendedores y pymes; un tercero que da Enersa en varias cuotas a trav\u00e9s de Activa del Banco Naci\u00f3n; y otra con Plus Pagos.<\/p>\n\n\n\n<p><strong>El reclamo entrerriano<\/strong><\/p>\n\n\n\n<p>Durante la conferencia se resalt\u00f3 que, si bien nuestra provincia es generadora de energ\u00eda el\u00e9ctrica, el valor de la misma es igual que para las otras provincias debido al sistema centralizado mediante el cual se fija el precio. En ese sentido, el titular del EPRE, Juan Domingo Zacar\u00edas, resalt\u00f3 que \u00abdespu\u00e9s de 40 a\u00f1os, por primera vez un gobernador se involucra en el tema de Salto Grande jur\u00eddicamente y en forma precisa, y reclama los excedentes en la justicia federal. Es un tema que tenemos que rescatar todos los entrerrianos\u00bb.<\/p>\n\n\n\n<p>Destac\u00f3 adem\u00e1s \u00abla muy buena calidad de la energ\u00eda el\u00e9ctrica de Entre R\u00edos\u00bb, reconocida por las distribuidoras existentes en el pa\u00eds, y finalmente insisti\u00f3 en que la provincia \u00absolamente puede incidir en la boleta de la luz que nos llega a los usuarios en el 20 por ciento, puesto que el 80 por ciento restante lo determina la Naci\u00f3n. Enersa solamente tiene que trasladar los precios que genera la Naci\u00f3n\u00bb.<\/p>\n\n\n\n<p><strong>Nuevo esquema de segmentaci\u00f3n<\/strong><\/p>\n\n\n\n<p>Con el nuevo esquema se establecen topes de consumo para la energ\u00eda subsidiada. Esto quiere decir que, a partir de ahora, se aplican vol\u00famenes m\u00e1ximos de consumo subsidiable para los sectores de ingresos bajos (N2) y medios (N3).<\/p>\n\n\n\n<p>Los sectores de ingresos bajos o de escasos recursos (N2), con ingresos familiares menores a 773.385 pesos y que hasta ahora no contaban con l\u00edmites de consumo, tendr\u00e1n subsidiados hasta 350 kWh por mes.<\/p>\n\n\n\n<p>En tanto, los sectores de ingresos medios (N3), donde se considera a quienes cuentan con ingresos familiares entre 773.385 y 2.706.848 pesos, tendr\u00e1n un tope de 250 kWh mensuales subsidiados (antes era de 400 kWh por mes).<\/p>\n\n\n\n<p>Todos los consumos que superen estos topes, pagar\u00e1n el resto de la tarifa de forma plena. Es decir, pagar\u00e1n el costo total sin importar si tienen ingresos bajos (N2) o medios (N3).<\/p>\n\n\n\n<p>Por otra parte, quienes sean considerados dentro de la categor\u00eda N1, con ingresos familiares superiores a 2.706.848 pesos, abonar\u00e1n la tarifa plena sin subsidios y sin tope de consumo.<\/p>\n","protected":false},"excerpt":{"rendered":"<p>El plazo es hasta el pr&oacute;ximo mi&eacute;rcoles 31 de julio. Quienes nunca hayan realizado el tr&aacute;mite de inscripci&oacute;n al Registro de Acceso a los Subsidios a la Energ&iacute;a (RASE), deber&aacute;n hacerlo para continuar recibiendo la subvenci&oacute;n en estos servicios. Para referirse a ese tema, este jueves se realiz&oacute; una conferencia de prensa en Casa de [&hellip;]<\/p>\n","protected":false},"author":2,"featured_media":5023,"comment_status":"open","ping_status":"open","sticky":false,"template":"","format":"standard","meta":{"footnotes":""},"categories":[8,726],"tags":[257,624,1046,1047,2041],"class_list":["post-5022","post","type-post","status-publish","format-standard","has-post-thumbnail","hentry","category-provinciales","category-sociedad","tag-entre-rios","tag-gas","tag-luz","tag-subsidios","tag-usuarios"],"_links":{"self":[{"href":"https:\/\/partediario.com.ar\/index.php?rest_route=\/wp\/v2\/posts\/5022","targetHints":{"allow":["GET"]}}],"collection":[{"href":"https:\/\/partediario.com.ar\/index.php?rest_route=\/wp\/v2\/posts"}],"about":[{"href":"https:\/\/partediario.com.ar\/index.php?rest_route=\/wp\/v2\/types\/post"}],"author":[{"embeddable":true,"href":"https:\/\/partediario.com.ar\/index.php?rest_route=\/wp\/v2\/users\/2"}],"replies":[{"embeddable":true,"href":"https:\/\/partediario.com.ar\/index.php?rest_route=%2Fwp%2Fv2%2Fcomments&post=5022"}],"version-history":[{"count":1,"href":"https:\/\/partediario.com.ar\/index.php?rest_route=\/wp\/v2\/posts\/5022\/revisions"}],"predecessor-version":[{"id":5024,"href":"https:\/\/partediario.com.ar\/index.php?rest_route=\/wp\/v2\/posts\/5022\/revisions\/5024"}],"wp:featuredmedia":[{"embeddable":true,"href":"https:\/\/partediario.com.ar\/index.php?rest_route=\/wp\/v2\/media\/5023"}],"wp:attachment":[{"href":"https:\/\/partediario.com.ar\/index.php?rest_route=%2Fwp%2Fv2%2Fmedia&parent=5022"}],"wp:term":[{"taxonomy":"category","embeddable":true,"href":"https:\/\/partediario.com.ar\/index.php?rest_route=%2Fwp%2Fv2%2Fcategories&post=5022"},{"taxonomy":"post_tag","embeddable":true,"href":"https:\/\/partediario.com.ar\/index.php?rest_route=%2Fwp%2Fv2%2Ftags&post=5022"}],"curies":[{"name":"wp","href":"https:\/\/api.w.org\/{rel}","templated":true}]}}