{"id":5031,"date":"2024-07-26T08:38:34","date_gmt":"2024-07-26T11:38:34","guid":{"rendered":"https:\/\/partediario.com.ar\/?p=5031"},"modified":"2024-07-26T08:38:35","modified_gmt":"2024-07-26T11:38:35","slug":"clima-en-entre-rios-la-jornada-de-hoy-se-presenta-soleada-con-temperaturas-casi-primaverales","status":"publish","type":"post","link":"https:\/\/partediario.com.ar\/?p=5031","title":{"rendered":"Clima en Entre R\u00edos: la jornada de hoy se presenta soleada con temperaturas casi primaverales"},"content":{"rendered":"\n<p><strong>Hoy ser\u00e1 una jornada soleada, con m\u00e1s de 20 grados en horas de la tarde. Sin embargo entre el s\u00e1bado y el domingo se registrar\u00e1 un marcado descenso de temperaturas en el centro y norte del pa\u00eds.<\/strong><\/p>\n\n\n\n<p>La regi\u00f3n central de Argentina registra desde el jueves ma\u00f1anas soleadas pero fr\u00edas, con incremento de las marcas t\u00e9rmicas hacia la tarde. Para hoy en Entre R\u00edos se pronostica una temperatura m\u00e1xima superior a 20 grados con escasa presencia de nubosidad en el cielo.<\/p>\n\n\n\n<p>Sin embargo, un pulso de aire frio polar que afecta a la Patagonia, llegar\u00e1 al centro y norte del pa\u00eds de manera progresiva durante el fin de semana, generando un marcado descenso de las temperaturas.<\/p>\n\n\n\n<p>El s\u00e1bado se presentar\u00e1 con buen tiempo pero con viento comenzando a rotar al cuadrante sur. En nuestra provincia, los registros t\u00e9rmicos estar\u00edan por debajo de los 20 grados.<\/p>\n\n\n\n<p>Hacia el domingo se sentir\u00e1 de manera m\u00e1s intensa el descenso t\u00e9rmico. Las provincias centrales tendr\u00e1n una jornada con cielo entre algo y parcialmente nublado, y se sentir\u00e1 mucho m\u00e1s frio que en el d\u00eda s\u00e1bado, condiciones que se intensificar\u00e1n al comenzar la nueva semana.<\/p>\n\n\n\n<p>En Entre R\u00edos, los d\u00edas con fr\u00edo m\u00e1s intenso y heladas se dar\u00edan el lunes y martes, con m\u00ednimas que ir\u00edan de 2 a 5 grados, mientras que las m\u00e1ximas apenas alcanzar\u00edan los 15\u00baC.<\/p>\n\n\n\n<p>A partir del mi\u00e9rcoles comenzar\u00eda nuevamente un ascenso de las temperaturas que se elevar\u00edan velozmente.<\/p>\n\n\n\n<p><strong>El clima en las principales ciudades entrerrianas<\/strong><\/p>\n\n\n\n<p><\/p>\n\n\n\n<figure class=\"wp-block-image size-full\"><img loading=\"lazy\" decoding=\"async\" width=\"680\" height=\"555\" src=\"https:\/\/partediario.com.ar\/wp-content\/uploads\/scrnli_26_7_2024_8-36-41.png\" alt=\"\" class=\"wp-image-5032\" srcset=\"https:\/\/partediario.com.ar\/wp-content\/uploads\/scrnli_26_7_2024_8-36-41.png 680w, https:\/\/partediario.com.ar\/wp-content\/uploads\/scrnli_26_7_2024_8-36-41-300x245.png 300w\" sizes=\"auto, (max-width: 680px) 100vw, 680px\" \/><\/figure>\n","protected":false},"excerpt":{"rendered":"<p>Hoy ser&aacute; una jornada soleada, con m&aacute;s de 20 grados en horas de la tarde. Sin embargo entre el s&aacute;bado y el domingo se registrar&aacute; un marcado descenso de temperaturas en el centro y norte del pa&iacute;s. La regi&oacute;n central de Argentina registra desde el jueves ma&ntilde;anas soleadas pero fr&iacute;as, con incremento de las marcas [&hellip;]<\/p>\n","protected":false},"author":2,"featured_media":5033,"comment_status":"open","ping_status":"open","sticky":false,"template":"","format":"standard","meta":{"footnotes":""},"categories":[8,726],"tags":[267,257],"class_list":["post-5031","post","type-post","status-publish","format-standard","has-post-thumbnail","hentry","category-provinciales","category-sociedad","tag-clima","tag-entre-rios"],"_links":{"self":[{"href":"https:\/\/partediario.com.ar\/index.php?rest_route=\/wp\/v2\/posts\/5031","targetHints":{"allow":["GET"]}}],"collection":[{"href":"https:\/\/partediario.com.ar\/index.php?rest_route=\/wp\/v2\/posts"}],"about":[{"href":"https:\/\/partediario.com.ar\/index.php?rest_route=\/wp\/v2\/types\/post"}],"author":[{"embeddable":true,"href":"https:\/\/partediario.com.ar\/index.php?rest_route=\/wp\/v2\/users\/2"}],"replies":[{"embeddable":true,"href":"https:\/\/partediario.com.ar\/index.php?rest_route=%2Fwp%2Fv2%2Fcomments&post=5031"}],"version-history":[{"count":1,"href":"https:\/\/partediario.com.ar\/index.php?rest_route=\/wp\/v2\/posts\/5031\/revisions"}],"predecessor-version":[{"id":5034,"href":"https:\/\/partediario.com.ar\/index.php?rest_route=\/wp\/v2\/posts\/5031\/revisions\/5034"}],"wp:featuredmedia":[{"embeddable":true,"href":"https:\/\/partediario.com.ar\/index.php?rest_route=\/wp\/v2\/media\/5033"}],"wp:attachment":[{"href":"https:\/\/partediario.com.ar\/index.php?rest_route=%2Fwp%2Fv2%2Fmedia&parent=5031"}],"wp:term":[{"taxonomy":"category","embeddable":true,"href":"https:\/\/partediario.com.ar\/index.php?rest_route=%2Fwp%2Fv2%2Fcategories&post=5031"},{"taxonomy":"post_tag","embeddable":true,"href":"https:\/\/partediario.com.ar\/index.php?rest_route=%2Fwp%2Fv2%2Ftags&post=5031"}],"curies":[{"name":"wp","href":"https:\/\/api.w.org\/{rel}","templated":true}]}}