{"id":5050,"date":"2024-07-26T19:27:34","date_gmt":"2024-07-26T22:27:34","guid":{"rendered":"https:\/\/partediario.com.ar\/?p=5050"},"modified":"2024-07-26T19:27:35","modified_gmt":"2024-07-26T22:27:35","slug":"visita-consular-italiana-aluani-destaco-la-importancia-de-fortalecer-los-lazos-institucionales","status":"publish","type":"post","link":"https:\/\/partediario.com.ar\/?p=5050","title":{"rendered":"Visita Consular Italiana: Aluani destac\u00f3 la importancia de fortalecer los lazos institucionales"},"content":{"rendered":"\n<h3 class=\"wp-block-heading\">La vicegobernadora Alicia Aluani recibi\u00f3 al C\u00f3nsul General de Italia en Rosario, Marco Bocchi. La reuni\u00f3n oficial se realiz\u00f3 este viernes por la ma\u00f1ana en el Sal\u00f3n de la Vicegobernaci\u00f3n.<\/h3>\n\n\n\n<p>Durante el encuentro, la vicegobernadora Alicia Aluani valor\u00f3 la visita del titular del Consulado General de Italia en Rosario en nuestra provincia y destac\u00f3 la importancia de \u201cseguir fortaleciendo los lazos culturales e institucionales con la comunidad italiana\u201d.<\/p>\n\n\n\n<p>De la reuni\u00f3n oficial, que se desarroll\u00f3 este viernes en el Sal\u00f3n de la Vicegobernaci\u00f3n, participaron, adem\u00e1s, Jorge Rigoni, integrante del Viceconsulado de Italia en Paran\u00e1; la prosecretaria de la C\u00e1mara de Senadores de Entre R\u00edos, Sara Foletto; y la coordinadora Julieta Sosa.<\/p>\n\n\n\n<p>El C\u00f3nsul General de Italia en Rosario, Marco Bocchi, agradeci\u00f3 a la vicegobernadora el c\u00e1lido recibimiento y cont\u00f3: \u201cAbarcamos muchos temas de colaboraci\u00f3n en conjunto a nivel institucional en beneficio de toda nuestra querida comunidad italiana residente en Entre R\u00edos, que despu\u00e9s de Santa Fe es la provincia m\u00e1s numerosa de toda nuestra circunscripci\u00f3n consular que abarca el Consulado General de Italia y Rosario\u201d, resalt\u00f3.<\/p>\n\n\n\n<p><\/p>\n\n\n\n<figure class=\"wp-block-image size-full\"><img loading=\"lazy\" decoding=\"async\" width=\"867\" height=\"578\" src=\"https:\/\/partediario.com.ar\/wp-content\/uploads\/WhatsApp-Image-2024-07-26-at-15.08.53-1.jpeg\" alt=\"\" class=\"wp-image-5051\" srcset=\"https:\/\/partediario.com.ar\/wp-content\/uploads\/WhatsApp-Image-2024-07-26-at-15.08.53-1.jpeg 867w, https:\/\/partediario.com.ar\/wp-content\/uploads\/WhatsApp-Image-2024-07-26-at-15.08.53-1-300x200.jpeg 300w, https:\/\/partediario.com.ar\/wp-content\/uploads\/WhatsApp-Image-2024-07-26-at-15.08.53-1-768x512.jpeg 768w\" sizes=\"auto, (max-width: 867px) 100vw, 867px\" \/><\/figure>\n\n\n\n<p><\/p>\n\n\n\n<p>En esta l\u00ednea, Bocchi dijo que durante el encuentro se abordaron varias tem\u00e1ticas, como la posibilidad de fomentar el aprendizaje de la lengua y la cultura italiana. \u201cEs un nuestro objetivo primario para la difusi\u00f3n de la italianidad\u201d, subray\u00f3.<\/p>\n\n\n\n<p>Asimismo, mencion\u00f3 que en la capital provincial se realiza el servicio de pasaporte itinerante y explic\u00f3: \u201cSe trata de servicio muy importante para la comunidad porque permite a todos los conciudadanos residentes de Paran\u00e1 y en Entre R\u00edos poder renovar su propio pasaporte sin necesidad de trasladarse a Rosario para hacer el tr\u00e1mite\u201d.<\/p>\n\n\n\n<p><\/p>\n\n\n\n<figure class=\"wp-block-image size-large\"><img loading=\"lazy\" decoding=\"async\" width=\"1024\" height=\"682\" src=\"https:\/\/partediario.com.ar\/wp-content\/uploads\/WhatsApp-Image-2024-07-26-at-15.08.54-1-1024x682.jpeg\" alt=\"\" class=\"wp-image-5052\" srcset=\"https:\/\/partediario.com.ar\/wp-content\/uploads\/WhatsApp-Image-2024-07-26-at-15.08.54-1-1024x682.jpeg 1024w, https:\/\/partediario.com.ar\/wp-content\/uploads\/WhatsApp-Image-2024-07-26-at-15.08.54-1-300x200.jpeg 300w, https:\/\/partediario.com.ar\/wp-content\/uploads\/WhatsApp-Image-2024-07-26-at-15.08.54-1-768x512.jpeg 768w, https:\/\/partediario.com.ar\/wp-content\/uploads\/WhatsApp-Image-2024-07-26-at-15.08.54-1.jpeg 1280w\" sizes=\"auto, (max-width: 1024px) 100vw, 1024px\" \/><\/figure>\n\n\n\n<p><\/p>\n\n\n\n<p>Finalmente, Bocchi expres\u00f3: \u201cEntre R\u00edos es una provincia muy italiana, estoy muy contento del gran nivel de colaboraci\u00f3n que tenemos y siempre estamos a disposici\u00f3n para seguir mejorando y fortaleciendo a\u00fan m\u00e1s los fuertes lazos familiares que tenemos entre italianos y entrerrianos\u201d.<\/p>\n","protected":false},"excerpt":{"rendered":"<p>La vicegobernadora Alicia Aluani recibi&oacute; al C&oacute;nsul General de Italia en Rosario, Marco Bocchi. La reuni&oacute;n oficial se realiz&oacute; este viernes por la ma&ntilde;ana en el Sal&oacute;n de la Vicegobernaci&oacute;n. Durante el encuentro, la vicegobernadora Alicia Aluani valor&oacute; la visita del titular del Consulado General de Italia en Rosario en nuestra provincia y destac&oacute; la [&hellip;]<\/p>\n","protected":false},"author":2,"featured_media":5053,"comment_status":"open","ping_status":"open","sticky":false,"template":"","format":"standard","meta":{"footnotes":""},"categories":[176,8,726],"tags":[944,2060,257,1820,333,2061,706],"class_list":["post-5050","post","type-post","status-publish","format-standard","has-post-thumbnail","hentry","category-politica","category-provinciales","category-sociedad","tag-alicia-aluani","tag-consul","tag-entre-rios","tag-general","tag-italia","tag-marco-bocchi","tag-rosario"],"_links":{"self":[{"href":"https:\/\/partediario.com.ar\/index.php?rest_route=\/wp\/v2\/posts\/5050","targetHints":{"allow":["GET"]}}],"collection":[{"href":"https:\/\/partediario.com.ar\/index.php?rest_route=\/wp\/v2\/posts"}],"about":[{"href":"https:\/\/partediario.com.ar\/index.php?rest_route=\/wp\/v2\/types\/post"}],"author":[{"embeddable":true,"href":"https:\/\/partediario.com.ar\/index.php?rest_route=\/wp\/v2\/users\/2"}],"replies":[{"embeddable":true,"href":"https:\/\/partediario.com.ar\/index.php?rest_route=%2Fwp%2Fv2%2Fcomments&post=5050"}],"version-history":[{"count":1,"href":"https:\/\/partediario.com.ar\/index.php?rest_route=\/wp\/v2\/posts\/5050\/revisions"}],"predecessor-version":[{"id":5054,"href":"https:\/\/partediario.com.ar\/index.php?rest_route=\/wp\/v2\/posts\/5050\/revisions\/5054"}],"wp:featuredmedia":[{"embeddable":true,"href":"https:\/\/partediario.com.ar\/index.php?rest_route=\/wp\/v2\/media\/5053"}],"wp:attachment":[{"href":"https:\/\/partediario.com.ar\/index.php?rest_route=%2Fwp%2Fv2%2Fmedia&parent=5050"}],"wp:term":[{"taxonomy":"category","embeddable":true,"href":"https:\/\/partediario.com.ar\/index.php?rest_route=%2Fwp%2Fv2%2Fcategories&post=5050"},{"taxonomy":"post_tag","embeddable":true,"href":"https:\/\/partediario.com.ar\/index.php?rest_route=%2Fwp%2Fv2%2Ftags&post=5050"}],"curies":[{"name":"wp","href":"https:\/\/api.w.org\/{rel}","templated":true}]}}