{"id":5058,"date":"2024-07-26T19:44:42","date_gmt":"2024-07-26T22:44:42","guid":{"rendered":"https:\/\/partediario.com.ar\/?p=5058"},"modified":"2024-07-26T19:44:43","modified_gmt":"2024-07-26T22:44:43","slug":"macri-ahora-se-desmarca-de-milei-no-pertenezco-al-gobierno-expreso","status":"publish","type":"post","link":"https:\/\/partediario.com.ar\/?p=5058","title":{"rendered":"Macri ahora se desmarca de Milei: \u201cNo pertenezco al Gobierno\u201d, expres\u00f3"},"content":{"rendered":"\n<p><strong>Mauricio Macri decidi\u00f3 despegarse del presidente, en medio de su interna con Patricia Bullrich en el PRO. El ex presidente se opone a una fusi\u00f3n con La Libertad Avanza.<\/strong><\/p>\n\n\n\n<p>El expresidente Mauricio Macri marc\u00f3 nuevamente distancia de Javier Milei al afirmar que no pertenece al Gobierno. Lo dijo durante un breve intercambio con la prensa a su llegada a la Exposici\u00f3n Rural de Palermo.<\/p>\n\n\n\n<p>Consultado por los periodistas acerca de si se anunciar\u00e1n en los pr\u00f3ximos d\u00edas medidas econ\u00f3micas apuntadas al sector agropecuario, Macri sentenci\u00f3: \u201cNo s\u00e9, no pertenezco al Gobierno\u201d.<\/p>\n\n\n\n<p>El exmandatario, que en la previa de la visita a Palermo se reuni\u00f3 con las autoridades de la Sociedad Rural, tampoco quiso hablar sobre la interna del PRO y su clara enemistad con la ministra de Seguridad, Patricia Bullrich.<\/p>\n\n\n\n<p>Decidido a no perder identidad, Macri se viene alejando de la idea de fusionar al PRO con La Libertad Avanza para las elecciones de medio t\u00e9rmino del a\u00f1o pr\u00f3ximo y condiciona el apoyo legislativo a las iniciativas del oficialismo.<\/p>\n\n\n\n<p>Luego del acompa\u00f1amiento a la Ley Bases y al paquete fiscal, cerca del expresidente consideran que lleg\u00f3 la hora de marcar diferencias, en caso de haberlas, y de hacer valer los votos, adem\u00e1s de promover una agenda parlamentaria propia, pero sin dinamitar.<\/p>\n","protected":false},"excerpt":{"rendered":"<p>Mauricio Macri decidi&oacute; despegarse del presidente, en medio de su interna con Patricia Bullrich en el PRO. El ex presidente se opone a una fusi&oacute;n con La Libertad Avanza. El expresidente Mauricio Macri marc&oacute; nuevamente distancia de Javier Milei al afirmar que no pertenece al Gobierno. Lo dijo durante un breve intercambio con la prensa [&hellip;]<\/p>\n","protected":false},"author":2,"featured_media":5059,"comment_status":"open","ping_status":"open","sticky":false,"template":"","format":"standard","meta":{"footnotes":""},"categories":[5,176],"tags":[232,1101,510,2062],"class_list":["post-5058","post","type-post","status-publish","format-standard","has-post-thumbnail","hentry","category-nacionales","category-politica","tag-javier-milei","tag-mauricio-macri","tag-patricia-bullrich","tag-pro"],"_links":{"self":[{"href":"https:\/\/partediario.com.ar\/index.php?rest_route=\/wp\/v2\/posts\/5058","targetHints":{"allow":["GET"]}}],"collection":[{"href":"https:\/\/partediario.com.ar\/index.php?rest_route=\/wp\/v2\/posts"}],"about":[{"href":"https:\/\/partediario.com.ar\/index.php?rest_route=\/wp\/v2\/types\/post"}],"author":[{"embeddable":true,"href":"https:\/\/partediario.com.ar\/index.php?rest_route=\/wp\/v2\/users\/2"}],"replies":[{"embeddable":true,"href":"https:\/\/partediario.com.ar\/index.php?rest_route=%2Fwp%2Fv2%2Fcomments&post=5058"}],"version-history":[{"count":1,"href":"https:\/\/partediario.com.ar\/index.php?rest_route=\/wp\/v2\/posts\/5058\/revisions"}],"predecessor-version":[{"id":5060,"href":"https:\/\/partediario.com.ar\/index.php?rest_route=\/wp\/v2\/posts\/5058\/revisions\/5060"}],"wp:featuredmedia":[{"embeddable":true,"href":"https:\/\/partediario.com.ar\/index.php?rest_route=\/wp\/v2\/media\/5059"}],"wp:attachment":[{"href":"https:\/\/partediario.com.ar\/index.php?rest_route=%2Fwp%2Fv2%2Fmedia&parent=5058"}],"wp:term":[{"taxonomy":"category","embeddable":true,"href":"https:\/\/partediario.com.ar\/index.php?rest_route=%2Fwp%2Fv2%2Fcategories&post=5058"},{"taxonomy":"post_tag","embeddable":true,"href":"https:\/\/partediario.com.ar\/index.php?rest_route=%2Fwp%2Fv2%2Ftags&post=5058"}],"curies":[{"name":"wp","href":"https:\/\/api.w.org\/{rel}","templated":true}]}}