{"id":5074,"date":"2024-07-27T10:38:16","date_gmt":"2024-07-27T13:38:16","guid":{"rendered":"https:\/\/partediario.com.ar\/?p=5074"},"modified":"2024-07-27T11:23:55","modified_gmt":"2024-07-27T14:23:55","slug":"que-me-devuelvan-a-mi-hijo-el-ruego-de-la-mama-de-loan","status":"publish","type":"post","link":"https:\/\/partediario.com.ar\/?p=5074","title":{"rendered":"\u00abQue me devuelvan a mi hijo\u00bb, el ruego de la mam\u00e1 de Loan"},"content":{"rendered":"\n<p><strong>\u00abEstoy desesperada, ya pasaron 42 d\u00edas y no s\u00e9 nada de \u00e9l\u00bb, expres\u00f3 la mam\u00e1 de Loan Pe\u00f1a, el peque\u00f1o de 5 a\u00f1os que desapareci\u00f3 en la localidad correntina de 9 de Julio. \u00abQue me lo devuelvan\u201d, pidi\u00f3.<\/strong><\/p>\n\n\n\n<p>Mar\u00eda Noguera es la mam\u00e1 de Loan Danilo Pe\u00f1a, el nene que desapareci\u00f3 en 9 de Julio, Corrientes el 31 de junio. Por el terrible hecho ya hay siete personas detenidas (Francisco Amado M\u00e9ndez fue liberado por la jueza federal, por falta de m\u00e9rito) y se realiza una investigaci\u00f3n en el marco de la Justicia Federal que hasta ahora no arroj\u00f3 ning\u00fan avance.<\/p>\n\n\n\n<p>\u00abLos que tienen que hablar tienen que decir la verdad y listo: d\u00f3nde est\u00e1 Loan y qu\u00e9 hicieron con Loan\u2026 Yo lo quiero sano y salvo a mi hijo\u00bb, dijo Mar\u00eda.<\/p>\n\n\n\n<p>Para la mam\u00e1 de Loan, \u00aba \u00e9l alguien se lo llev\u00f3, as\u00ed que Loan est\u00e1 por ah\u00ed\u00bb\u2026 \u00abQuiero que me devuelvan a mi hijo, quiero que est\u00e9 ac\u00e1\u00bb, enfatiz\u00f3 la dolida madre entre l\u00e1grimas, y agreg\u00f3: \u00abLos que lo est\u00e1n teniendo que lo devuelvan, o si alguien lo ve que haga un llamado\u00bb.<\/p>\n\n\n\n<p>\u00abYa hace muchos d\u00edas para m\u00ed y para \u00e9l\u2026 Debe estar sufriendo\u2026 No se puede creer esto\u00bb, manifest\u00f3 Mar\u00eda.<\/p>\n\n\n\n<p>Con respecto a las declaraciones del abogado Fernando Burlando, quien afirm\u00f3 que deber\u00eda haber m\u00e1s personas detenidas por la desaparici\u00f3n de Loan, Mar\u00eda mencion\u00f3 a \u00abMacarena y Camila\u00bb, hijas de Laudelina y primas del nene: \u00abAlgo tienen que estar sabiendo ellas tambi\u00e9n porque estaban con \u00e9l\u00bb, destac\u00f3.<\/p>\n","protected":false},"excerpt":{"rendered":"<p>&laquo;Estoy desesperada, ya pasaron 42 d&iacute;as y no s&eacute; nada de &eacute;l&raquo;, expres&oacute; la mam&aacute; de Loan Pe&ntilde;a, el peque&ntilde;o de 5 a&ntilde;os que desapareci&oacute; en la localidad correntina de 9 de Julio. &laquo;Que me lo devuelvan&rdquo;, pidi&oacute;. Mar&iacute;a Noguera es la mam&aacute; de Loan Danilo Pe&ntilde;a, el nene que desapareci&oacute; en 9 de Julio, [&hellip;]<\/p>\n","protected":false},"author":2,"featured_media":5075,"comment_status":"open","ping_status":"open","sticky":false,"template":"","format":"standard","meta":{"footnotes":""},"categories":[979,5,7],"tags":[448,489,2069],"class_list":["post-5074","post","type-post","status-publish","format-standard","has-post-thumbnail","hentry","category-judiciales","category-nacionales","category-policiales","tag-corrientes","tag-loan-danilo-pena","tag-maria-noguera"],"_links":{"self":[{"href":"https:\/\/partediario.com.ar\/index.php?rest_route=\/wp\/v2\/posts\/5074","targetHints":{"allow":["GET"]}}],"collection":[{"href":"https:\/\/partediario.com.ar\/index.php?rest_route=\/wp\/v2\/posts"}],"about":[{"href":"https:\/\/partediario.com.ar\/index.php?rest_route=\/wp\/v2\/types\/post"}],"author":[{"embeddable":true,"href":"https:\/\/partediario.com.ar\/index.php?rest_route=\/wp\/v2\/users\/2"}],"replies":[{"embeddable":true,"href":"https:\/\/partediario.com.ar\/index.php?rest_route=%2Fwp%2Fv2%2Fcomments&post=5074"}],"version-history":[{"count":1,"href":"https:\/\/partediario.com.ar\/index.php?rest_route=\/wp\/v2\/posts\/5074\/revisions"}],"predecessor-version":[{"id":5076,"href":"https:\/\/partediario.com.ar\/index.php?rest_route=\/wp\/v2\/posts\/5074\/revisions\/5076"}],"wp:featuredmedia":[{"embeddable":true,"href":"https:\/\/partediario.com.ar\/index.php?rest_route=\/wp\/v2\/media\/5075"}],"wp:attachment":[{"href":"https:\/\/partediario.com.ar\/index.php?rest_route=%2Fwp%2Fv2%2Fmedia&parent=5074"}],"wp:term":[{"taxonomy":"category","embeddable":true,"href":"https:\/\/partediario.com.ar\/index.php?rest_route=%2Fwp%2Fv2%2Fcategories&post=5074"},{"taxonomy":"post_tag","embeddable":true,"href":"https:\/\/partediario.com.ar\/index.php?rest_route=%2Fwp%2Fv2%2Ftags&post=5074"}],"curies":[{"name":"wp","href":"https:\/\/api.w.org\/{rel}","templated":true}]}}