{"id":5084,"date":"2024-07-27T12:23:53","date_gmt":"2024-07-27T15:23:53","guid":{"rendered":"https:\/\/partediario.com.ar\/?p=5084"},"modified":"2024-07-27T12:23:55","modified_gmt":"2024-07-27T15:23:55","slug":"declaran-la-emergencia-sanitaria-nacional-por-plaga-de-las-langostas","status":"publish","type":"post","link":"https:\/\/partediario.com.ar\/?p=5084","title":{"rendered":"Declaran la emergencia sanitaria nacional por plaga de las langostas"},"content":{"rendered":"\n<h3 class=\"wp-block-heading\">El Servicio Nacional de Sanidad y Calidad Agroalimentaria (Senasa) declar\u00f3 la emergencia fitosanitaria por la langosta sudamericana (Schistocerca cancellata, Serv.), y de este modo profundizar las medidas de monitoreo y control del insecto que se vienen implementando desde la declaraci\u00f3n del alerta fitosanitaria \u2013 en febrero pasado \u2013 y de ese modo minimizar su impacto en la naturaleza y en la producci\u00f3n vegetal.<\/h3>\n\n\n\n<p>La medida entr\u00f3 en vigencia este s\u00e1bado tras la publicaci\u00f3n de la Resoluci\u00f3n 828\/2024 en el Bolet\u00edn Oficial, y se estableci\u00f3 ya que, a pesar de que el trabajo p\u00fablico y privado permiti\u00f3 que se controlaran m\u00e1s de 1000 focos de la plaga en distintas provincias, persiste un elevado nivel poblacional, incluyendo mangas.<\/p>\n\n\n\n<p>Las bajas temperaturas impiden la movilidad de la plaga, lo que dificulta su detecci\u00f3n por lo que se requiere elevar el alerta a nivel nacional.<\/p>\n\n\n\n<p>Tambi\u00e9n cabe subrayar que Argentina trabaja en forma permanente con los pa\u00edses de la regi\u00f3n que integran el Comit\u00e9 de Sanidad Vegetal (COSAVE), y que, en el marco de cooperaci\u00f3n regional, el Servicio Nacional de Calidad y Sanidad vegetal de Semillas (Senave) de Paraguay inform\u00f3 al Senasa que dispuso la emergencia fitosanitaria en ese pa\u00eds por el avance de la plaga.<\/p>\n\n\n\n<p>Para denunciar la detecci\u00f3n de langostas y\/u obtener mayor informaci\u00f3n sobre la plaga contactarse al WhatsApp del Senasa 1157005704.<\/p>\n\n\n\n<p><strong>Migratorias<\/strong><\/p>\n\n\n\n<p>Las langostas son plagas migratorias y transfronterizas con una capacidad de dispersi\u00f3n de hasta 150 km\/d\u00eda y una alta voracidad, lo que determina que tengan un alto impacto econ\u00f3mico. Seg\u00fan un an\u00e1lisis del Instituto Interamericano de Cooperaci\u00f3n para la Agricultura (IICA) la producci\u00f3n sujeta a riesgo en la Argentina alcanza los 3.7 mil millones de d\u00f3lares.<\/p>\n\n\n\n<p>Tras 60 a\u00f1os sin mayores inconvenientes, desde el a\u00f1o 2015 hubo un resurgimiento de la plaga en Sudam\u00e9rica, provocando la declaraci\u00f3n de distintas de emergencias fitosanitarias en Argentina, Bolivia, Paraguay y Brasil.<\/p>\n","protected":false},"excerpt":{"rendered":"<p>El Servicio Nacional de Sanidad y Calidad Agroalimentaria (Senasa) declar&oacute; la emergencia fitosanitaria por la langosta sudamericana (Schistocerca cancellata, Serv.), y de este modo profundizar las medidas de monitoreo y control del insecto que se vienen implementando desde la declaraci&oacute;n del alerta fitosanitaria &ndash; en febrero pasado &ndash; y de ese modo minimizar su impacto [&hellip;]<\/p>\n","protected":false},"author":2,"featured_media":5085,"comment_status":"open","ping_status":"open","sticky":false,"template":"","format":"standard","meta":{"footnotes":""},"categories":[5,726],"tags":[411,258,2072,2071,2070],"class_list":["post-5084","post","type-post","status-publish","format-standard","has-post-thumbnail","hentry","category-nacionales","category-sociedad","tag-argentina","tag-emergencia","tag-langostas","tag-plaga","tag-sanitaria"],"_links":{"self":[{"href":"https:\/\/partediario.com.ar\/index.php?rest_route=\/wp\/v2\/posts\/5084","targetHints":{"allow":["GET"]}}],"collection":[{"href":"https:\/\/partediario.com.ar\/index.php?rest_route=\/wp\/v2\/posts"}],"about":[{"href":"https:\/\/partediario.com.ar\/index.php?rest_route=\/wp\/v2\/types\/post"}],"author":[{"embeddable":true,"href":"https:\/\/partediario.com.ar\/index.php?rest_route=\/wp\/v2\/users\/2"}],"replies":[{"embeddable":true,"href":"https:\/\/partediario.com.ar\/index.php?rest_route=%2Fwp%2Fv2%2Fcomments&post=5084"}],"version-history":[{"count":1,"href":"https:\/\/partediario.com.ar\/index.php?rest_route=\/wp\/v2\/posts\/5084\/revisions"}],"predecessor-version":[{"id":5086,"href":"https:\/\/partediario.com.ar\/index.php?rest_route=\/wp\/v2\/posts\/5084\/revisions\/5086"}],"wp:featuredmedia":[{"embeddable":true,"href":"https:\/\/partediario.com.ar\/index.php?rest_route=\/wp\/v2\/media\/5085"}],"wp:attachment":[{"href":"https:\/\/partediario.com.ar\/index.php?rest_route=%2Fwp%2Fv2%2Fmedia&parent=5084"}],"wp:term":[{"taxonomy":"category","embeddable":true,"href":"https:\/\/partediario.com.ar\/index.php?rest_route=%2Fwp%2Fv2%2Fcategories&post=5084"},{"taxonomy":"post_tag","embeddable":true,"href":"https:\/\/partediario.com.ar\/index.php?rest_route=%2Fwp%2Fv2%2Ftags&post=5084"}],"curies":[{"name":"wp","href":"https:\/\/api.w.org\/{rel}","templated":true}]}}