{"id":5099,"date":"2024-07-27T20:35:58","date_gmt":"2024-07-27T23:35:58","guid":{"rendered":"https:\/\/partediario.com.ar\/?p=5099"},"modified":"2024-07-27T20:35:59","modified_gmt":"2024-07-27T23:35:59","slug":"martin-demichelis-deja-la-direccion-tecnica-de-river","status":"publish","type":"post","link":"https:\/\/partediario.com.ar\/?p=5099","title":{"rendered":"Mart\u00edn Demichelis deja la direcci\u00f3n t\u00e9cnica de River"},"content":{"rendered":"\n<h3 class=\"wp-block-heading\">Tras una semana sumamente complicada para el mundo River, Mart\u00edn Demichelis no continuar\u00e1 como entrenador del plantel profesional.<\/h3>\n\n\n\n<p>Si bien hace una semana hab\u00eda mucha expectativa para ver al Riverpost Copa Am\u00e9rica, con refuerzos y la esperanza de mejorar lo hecho en el primer semestre, el panorama actual es de caos absoluto.<\/p>\n\n\n\n<p>Tanto es as\u00ed que, luego del ag\u00f3nico empate ante Lan\u00fas y la dura derrota con Godoy Cruz, los hinchas del Millonario estallaron y desataron, lo que hace unos minutos termin\u00f3 finalmente con la salida de Mart\u00edn Demichelis.<\/p>\n\n\n\n<p>\u201cA partir de una decisi\u00f3n tomada de com\u00fan acuerdo con las m\u00e1ximas autoridades del Club, Mart\u00edn Demichelis ha dejado su cargo de entrenador del plantel profesional\u201d, poste\u00f3 el club en sus redes sociales.<\/p>\n\n\n\n<p>\u201cRiver Plate agradece a Demichelis por su enorme profesionalismo, compromiso y respeto a nuestra camiseta, y los tres t\u00edtulos obtenidos. Asimismo, les desea tanto a \u00e9l como a los integrantes de su cuerpo t\u00e9cnico todos los \u00e9xitos en los siguientes pasos de su carrera\u201d, finaliza la instituci\u00f3n.<\/p>\n\n\n\n<p>La relaci\u00f3n estaba muy desgastada: el DT no convenc\u00eda y el equipo no paraba de sumar manchas como la temprana eliminaci\u00f3n de la Copa Argentina a manos de Temperley o aquella derrota ante Boca en la Copa de la Liga Profesional.<\/p>\n\n\n\n<p>La resistencia fue tal en las \u00faltimas horas, que hasta aparecieron pintadas en la calle pidiendo la renuncia del DT de 45 a\u00f1os.<\/p>\n\n\n\n<p><\/p>\n\n\n\n<blockquote class=\"twitter-tweet\"><p lang=\"es\" dir=\"ltr\">A partir de una decisi\u00f3n tomada de com\u00fan acuerdo con las m\u00e1ximas autoridades del Club, Mart\u00edn Demichelis ha dejado su cargo de entrenador del plantel profesional. <br><br>Dirigir\u00e1 este domingo su \u00faltimo partido como entrenador del primer equipo. <br><br>River Plate agradece a Demichelis por\u2026 <a href=\"https:\/\/t.co\/hqaxglpyjS\">pic.twitter.com\/hqaxglpyjS<\/a><\/p>&mdash; River Plate (@RiverPlate) <a href=\"https:\/\/twitter.com\/RiverPlate\/status\/1817316240224137649?ref_src=twsrc%5Etfw\">July 27, 2024<\/a><\/blockquote> <script async src=\"https:\/\/platform.twitter.com\/widgets.js\" charset=\"utf-8\"><\/script>\n\n\n\n<p><\/p>\n\n\n\n<p>Aunque la decisi\u00f3n ya est\u00e9 tomada, lo cierto es que el ex zaguero central de la Selecci\u00f3n Argentina podr\u00e1 ingresar una vez m\u00e1s a un Estadio Monumental, que si se preve\u00eda muy tenso, ahora estar\u00e1 seguramente m\u00e1s descomprimido.<\/p>\n\n\n\n<p>Cabe recordar que desde su arribo en enero de 2023, Demichelis dirigi\u00f3 86 partidos en los que gan\u00f3 51, empat\u00f3 16 y perdi\u00f3 19. Adem\u00e1s, obtuvo tres t\u00edtulos.<\/p>\n","protected":false},"excerpt":{"rendered":"<p>Tras una semana sumamente complicada para el mundo River, Mart&iacute;n Demichelis no continuar&aacute; como entrenador del plantel profesional. Si bien hace una semana hab&iacute;a mucha expectativa para ver al Riverpost Copa Am&eacute;rica, con refuerzos y la esperanza de mejorar lo hecho en el primer semestre, el panorama actual es de caos absoluto. Tanto es as&iacute; [&hellip;]<\/p>\n","protected":false},"author":2,"featured_media":5100,"comment_status":"open","ping_status":"open","sticky":false,"template":"","format":"standard","meta":{"footnotes":""},"categories":[4,5],"tags":[2086,2085],"class_list":["post-5099","post","type-post","status-publish","format-standard","has-post-thumbnail","hentry","category-deportes","category-nacionales","tag-martin-demichelis","tag-river-plate"],"_links":{"self":[{"href":"https:\/\/partediario.com.ar\/index.php?rest_route=\/wp\/v2\/posts\/5099","targetHints":{"allow":["GET"]}}],"collection":[{"href":"https:\/\/partediario.com.ar\/index.php?rest_route=\/wp\/v2\/posts"}],"about":[{"href":"https:\/\/partediario.com.ar\/index.php?rest_route=\/wp\/v2\/types\/post"}],"author":[{"embeddable":true,"href":"https:\/\/partediario.com.ar\/index.php?rest_route=\/wp\/v2\/users\/2"}],"replies":[{"embeddable":true,"href":"https:\/\/partediario.com.ar\/index.php?rest_route=%2Fwp%2Fv2%2Fcomments&post=5099"}],"version-history":[{"count":1,"href":"https:\/\/partediario.com.ar\/index.php?rest_route=\/wp\/v2\/posts\/5099\/revisions"}],"predecessor-version":[{"id":5101,"href":"https:\/\/partediario.com.ar\/index.php?rest_route=\/wp\/v2\/posts\/5099\/revisions\/5101"}],"wp:featuredmedia":[{"embeddable":true,"href":"https:\/\/partediario.com.ar\/index.php?rest_route=\/wp\/v2\/media\/5100"}],"wp:attachment":[{"href":"https:\/\/partediario.com.ar\/index.php?rest_route=%2Fwp%2Fv2%2Fmedia&parent=5099"}],"wp:term":[{"taxonomy":"category","embeddable":true,"href":"https:\/\/partediario.com.ar\/index.php?rest_route=%2Fwp%2Fv2%2Fcategories&post=5099"},{"taxonomy":"post_tag","embeddable":true,"href":"https:\/\/partediario.com.ar\/index.php?rest_route=%2Fwp%2Fv2%2Ftags&post=5099"}],"curies":[{"name":"wp","href":"https:\/\/api.w.org\/{rel}","templated":true}]}}