{"id":5127,"date":"2024-07-28T20:12:31","date_gmt":"2024-07-28T23:12:31","guid":{"rendered":"https:\/\/partediario.com.ar\/?p=5127"},"modified":"2024-07-28T20:12:36","modified_gmt":"2024-07-28T23:12:36","slug":"marcharon-a-caballo-en-gualeguaychu-para-pedir-por-la-aparicion-de-loan","status":"publish","type":"post","link":"https:\/\/partediario.com.ar\/?p=5127","title":{"rendered":"Marcharon a caballo en Gualeguaych\u00fa para pedir por la aparici\u00f3n de Loan"},"content":{"rendered":"\n<p><strong>Agrupaciones Tradicionalistas de Gualeguaych\u00fa llevaron a cabo este domingo una cabalgata para pedir por la aparici\u00f3n de Loan Pe\u00f1a.<\/strong><\/p>\n\n\n\n<p>Vecinos y Agrupaciones Tradicionalistas de Gualeguaych\u00fa realizaron este domingo una cabalgata para pedir por la aparici\u00f3n de Loan, el ni\u00f1o correntino que es intensamente buscado hace 45 d\u00edas.<\/p>\n\n\n\n<p>Durante la semana pasada, Leonardo Rumacho, presidente de la Asociaci\u00f3n en Defensa de la Tradici\u00f3n, expres\u00f3: \u201cEstamos organizando una movilizaci\u00f3n pac\u00edfica por Loan, por su aparici\u00f3n con vida, que es lo que pedimos todos. Como padres nos conmueve mucho\u201d.<\/p>\n\n\n\n<p>Y se\u00f1al\u00f3: \u201cComo no tenemos eventos, decidimos salir este domingo. Y por distintos noticieros nos enteramos que el domingo en el Obelisco habr\u00e1 una movilizaci\u00f3n grande\u201d.<\/p>\n\n\n\n<p><\/p>\n\n\n\n<figure class=\"wp-block-image size-full\"><img loading=\"lazy\" decoding=\"async\" width=\"800\" height=\"450\" src=\"https:\/\/partediario.com.ar\/wp-content\/uploads\/o_1722178373.jpg\" alt=\"\" class=\"wp-image-5128\" srcset=\"https:\/\/partediario.com.ar\/wp-content\/uploads\/o_1722178373.jpg 800w, https:\/\/partediario.com.ar\/wp-content\/uploads\/o_1722178373-300x169.jpg 300w, https:\/\/partediario.com.ar\/wp-content\/uploads\/o_1722178373-768x432.jpg 768w\" sizes=\"auto, (max-width: 800px) 100vw, 800px\" \/><\/figure>\n\n\n\n<p><\/p>\n\n\n\n<p>Tal como lo anticiparon, los tradicionalistas emprendieron su marcha a caballo este domingo minutos antes de las 11, tras haberse concentrado desde las 10 en las inmediaciones de calle Juan D\u00edaz y Av. Parque.<\/p>\n\n\n\n<p>Los jinetes dieron comienzo a su recorrido por Av. Parque hasta la rotonda con Av. Del Valle, para luego seguir por la Av. Artigas rumbo al Acceso Sur y hacia la Ruta 14. Se espera que finalicen su movilizaci\u00f3n alrededor de las 17.<\/p>\n","protected":false},"excerpt":{"rendered":"<p>Agrupaciones Tradicionalistas de Gualeguaych&uacute; llevaron a cabo este domingo una cabalgata para pedir por la aparici&oacute;n de Loan Pe&ntilde;a. Vecinos y Agrupaciones Tradicionalistas de Gualeguaych&uacute; realizaron este domingo una cabalgata para pedir por la aparici&oacute;n de Loan, el ni&ntilde;o correntino que es intensamente buscado hace 45 d&iacute;as. Durante la semana pasada, Leonardo Rumacho, presidente de [&hellip;]<\/p>\n","protected":false},"author":2,"featured_media":5129,"comment_status":"open","ping_status":"open","sticky":false,"template":"","format":"standard","meta":{"footnotes":""},"categories":[8,726],"tags":[2109,448,203,702,2108],"class_list":["post-5127","post","type-post","status-publish","format-standard","has-post-thumbnail","hentry","category-provinciales","category-sociedad","tag-caballo","tag-corrientes","tag-gualeguaychu","tag-loan-pena","tag-marcharon"],"_links":{"self":[{"href":"https:\/\/partediario.com.ar\/index.php?rest_route=\/wp\/v2\/posts\/5127","targetHints":{"allow":["GET"]}}],"collection":[{"href":"https:\/\/partediario.com.ar\/index.php?rest_route=\/wp\/v2\/posts"}],"about":[{"href":"https:\/\/partediario.com.ar\/index.php?rest_route=\/wp\/v2\/types\/post"}],"author":[{"embeddable":true,"href":"https:\/\/partediario.com.ar\/index.php?rest_route=\/wp\/v2\/users\/2"}],"replies":[{"embeddable":true,"href":"https:\/\/partediario.com.ar\/index.php?rest_route=%2Fwp%2Fv2%2Fcomments&post=5127"}],"version-history":[{"count":1,"href":"https:\/\/partediario.com.ar\/index.php?rest_route=\/wp\/v2\/posts\/5127\/revisions"}],"predecessor-version":[{"id":5130,"href":"https:\/\/partediario.com.ar\/index.php?rest_route=\/wp\/v2\/posts\/5127\/revisions\/5130"}],"wp:featuredmedia":[{"embeddable":true,"href":"https:\/\/partediario.com.ar\/index.php?rest_route=\/wp\/v2\/media\/5129"}],"wp:attachment":[{"href":"https:\/\/partediario.com.ar\/index.php?rest_route=%2Fwp%2Fv2%2Fmedia&parent=5127"}],"wp:term":[{"taxonomy":"category","embeddable":true,"href":"https:\/\/partediario.com.ar\/index.php?rest_route=%2Fwp%2Fv2%2Fcategories&post=5127"},{"taxonomy":"post_tag","embeddable":true,"href":"https:\/\/partediario.com.ar\/index.php?rest_route=%2Fwp%2Fv2%2Ftags&post=5127"}],"curies":[{"name":"wp","href":"https:\/\/api.w.org\/{rel}","templated":true}]}}