{"id":5146,"date":"2024-07-29T10:34:29","date_gmt":"2024-07-29T13:34:29","guid":{"rendered":"https:\/\/partediario.com.ar\/?p=5146"},"modified":"2024-07-29T10:34:30","modified_gmt":"2024-07-29T13:34:30","slug":"elecciones-en-venezuela-milei-pide-a-las-fuerzas-armadas-venezolanas-que-defiendan-la-democracia","status":"publish","type":"post","link":"https:\/\/partediario.com.ar\/?p=5146","title":{"rendered":"Elecciones en Venezuela: \u00abMilei pide a las Fuerzas Armadas venezolanas que defiendan la democracia\u201c"},"content":{"rendered":"\n<h3 class=\"wp-block-heading\">Javier Milei dijo que \u00abespera que las Fuerzas Armadas esta vez defiendan la democracia y la voluntad popular\u00bb. Sus dichos se dieron antes de conocerse los resultados.<\/h3>\n\n\n\n<p>El presidente Javier Milei se manifest\u00f3 en forma muy dura mientras se esperaban los resultados del Consejo Nacional Electoral de Venezuela, que termin\u00f3 dando ganador de las elecciones presidenciales a Nicol\u00e1s Maduro, por el 51.2 % de los votos y en medio de denuncias de fraude.<\/p>\n\n\n\n<p><\/p>\n\n\n\n<blockquote class=\"twitter-tweet\"><p lang=\"es\" dir=\"ltr\">DICTADOR MADURO, AFUERA!!!<br><br>Los venezolanos eligieron terminar con la dictadura comunista de Nicol\u00e1s Maduro. Los datos anuncian una victoria aplastante de la oposici\u00f3n y el mundo aguarda que reconozca la derrota luego de a\u00f1os de socialismo, miseria, decadencia y muerte.\u2026<\/p>&mdash; Javier Milei (@JMilei) <a href=\"https:\/\/twitter.com\/JMilei\/status\/1817760569404842400?ref_src=twsrc%5Etfw\">July 29, 2024<\/a><\/blockquote> <script async src=\"https:\/\/platform.twitter.com\/widgets.js\" charset=\"utf-8\"><\/script>\n\n\n\n<p>\u201cArgentina no va a reconocer otro fraude, y espera que las Fuerzas Armadas esta vez defiendan la democracia y la voluntad popular. La Libertad Avanza en Latinoam\u00e9rica\u201d, expres\u00f3 Javier Milei en sus redes sociales.<\/p>\n\n\n\n<p>\u201cLos venezolanos eligieron terminar con la dictadura comunista de Nicol\u00e1s Maduro. Los datos anuncian una victoria aplastante de la oposici\u00f3n y el mundo aguarda que reconozca la derrota luego de a\u00f1os de socialismo, miseria, decadencia y muerte\u201d, a\u00f1adi\u00f3.<\/p>\n\n\n\n<p><\/p>\n\n\n\n<blockquote class=\"twitter-tweet\"><p lang=\"es\" dir=\"ltr\">Nazi nauseabundo, el pueblo argentino te pasar\u00e1 factura m\u00e1s temprano que tarde, nuestra victoria aplastante es una se\u00f1al inequ\u00edvoca que nuestros pueblos derrotaran el fascismo que promueves. <a href=\"https:\/\/t.co\/BPm8p8V2p1\">https:\/\/t.co\/BPm8p8V2p1<\/a><\/p>&mdash; Yvan Gil (@yvangil) <a href=\"https:\/\/twitter.com\/yvangil\/status\/1817765923131953207?ref_src=twsrc%5Etfw\">July 29, 2024<\/a><\/blockquote> <script async src=\"https:\/\/platform.twitter.com\/widgets.js\" charset=\"utf-8\"><\/script>\n\n\n\n<p>Sus declaraciones recibieron respuesta por parte del canciller venezolano, Yvan Gil, quien lo trat\u00f3 de \u201cnazi nauseabundo\u201d y afirm\u00f3: \u201cEl pueblo argentino te pasar\u00e1 factura m\u00e1s temprano que tarde, nuestra victoria aplastante es una se\u00f1al inequ\u00edvoca que nuestros pueblos derrotaran el fascismo que promueves\u201d.<\/p>\n","protected":false},"excerpt":{"rendered":"<p>Javier Milei dijo que &laquo;espera que las Fuerzas Armadas esta vez defiendan la democracia y la voluntad popular&raquo;. Sus dichos se dieron antes de conocerse los resultados. El presidente Javier Milei se manifest&oacute; en forma muy dura mientras se esperaban los resultados del Consejo Nacional Electoral de Venezuela, que termin&oacute; dando ganador de las elecciones [&hellip;]<\/p>\n","protected":false},"author":2,"featured_media":5147,"comment_status":"open","ping_status":"open","sticky":false,"template":"","format":"standard","meta":{"footnotes":""},"categories":[9,5,176],"tags":[1955,232,1339,2114],"class_list":["post-5146","post","type-post","status-publish","format-standard","has-post-thumbnail","hentry","category-internacionales","category-nacionales","category-politica","tag-elecciones","tag-javier-milei","tag-venezuela","tag-yvan-gil"],"_links":{"self":[{"href":"https:\/\/partediario.com.ar\/index.php?rest_route=\/wp\/v2\/posts\/5146","targetHints":{"allow":["GET"]}}],"collection":[{"href":"https:\/\/partediario.com.ar\/index.php?rest_route=\/wp\/v2\/posts"}],"about":[{"href":"https:\/\/partediario.com.ar\/index.php?rest_route=\/wp\/v2\/types\/post"}],"author":[{"embeddable":true,"href":"https:\/\/partediario.com.ar\/index.php?rest_route=\/wp\/v2\/users\/2"}],"replies":[{"embeddable":true,"href":"https:\/\/partediario.com.ar\/index.php?rest_route=%2Fwp%2Fv2%2Fcomments&post=5146"}],"version-history":[{"count":1,"href":"https:\/\/partediario.com.ar\/index.php?rest_route=\/wp\/v2\/posts\/5146\/revisions"}],"predecessor-version":[{"id":5148,"href":"https:\/\/partediario.com.ar\/index.php?rest_route=\/wp\/v2\/posts\/5146\/revisions\/5148"}],"wp:featuredmedia":[{"embeddable":true,"href":"https:\/\/partediario.com.ar\/index.php?rest_route=\/wp\/v2\/media\/5147"}],"wp:attachment":[{"href":"https:\/\/partediario.com.ar\/index.php?rest_route=%2Fwp%2Fv2%2Fmedia&parent=5146"}],"wp:term":[{"taxonomy":"category","embeddable":true,"href":"https:\/\/partediario.com.ar\/index.php?rest_route=%2Fwp%2Fv2%2Fcategories&post=5146"},{"taxonomy":"post_tag","embeddable":true,"href":"https:\/\/partediario.com.ar\/index.php?rest_route=%2Fwp%2Fv2%2Ftags&post=5146"}],"curies":[{"name":"wp","href":"https:\/\/api.w.org\/{rel}","templated":true}]}}