{"id":5149,"date":"2024-07-29T10:59:30","date_gmt":"2024-07-29T13:59:30","guid":{"rendered":"https:\/\/partediario.com.ar\/?p=5149"},"modified":"2024-07-29T12:16:00","modified_gmt":"2024-07-29T15:16:00","slug":"milei-le-firmo-una-bandera-a-un-productor-entrerriano-en-medio-del-acto-en-la-rural","status":"publish","type":"post","link":"https:\/\/partediario.com.ar\/?p=5149","title":{"rendered":"Milei le firm\u00f3 una bandera a productor entrerriano en medio del acto en La Rural"},"content":{"rendered":"\n<h3 class=\"wp-block-heading\">Un trabajador del campo se acerc\u00f3 al presidente Javier Milei este domingo en la Sociedad Rural de Palermo y le pidi\u00f3 que le firme una bandera entrerriana.<\/h3>\n\n\n\n<p>Un trabajador del campo se acerc\u00f3 al presidente Javier Milei este domingo antes del acto inaugural en la Sociedad Rural de Palermo.<\/p>\n\n\n\n<p><\/p>\n\n\n\n<figure class=\"wp-block-image size-full\"><img loading=\"lazy\" decoding=\"async\" width=\"761\" height=\"975\" src=\"https:\/\/partediario.com.ar\/wp-content\/uploads\/scrnli_29_7_2024_10-52-49.png\" alt=\"\" class=\"wp-image-5150\" srcset=\"https:\/\/partediario.com.ar\/wp-content\/uploads\/scrnli_29_7_2024_10-52-49.png 761w, https:\/\/partediario.com.ar\/wp-content\/uploads\/scrnli_29_7_2024_10-52-49-234x300.png 234w\" sizes=\"auto, (max-width: 761px) 100vw, 761px\" \/><\/figure>\n\n\n\n<p><\/p>\n\n\n\n<p>Se trata del productor tambero de Colonia Merou, Dami\u00e1n Schneider quien durante la exposici\u00f3n pis\u00f3 \u201cla arena\u201d del predio de Palermo en Buenos Aires y se la autografi\u00f3.<\/p>\n\n\n\n<p>Colonia Merou, se encuentra a 20 km de Crespo aproximadamente y otro tanto de Paran\u00e1. Es una comunidad de alemanes del Volga dedicados a la agricultura, avicultura y ganader\u00eda.<\/p>\n","protected":false},"excerpt":{"rendered":"<p>Un trabajador del campo se acerc&oacute; al presidente Javier Milei este domingo en la Sociedad Rural de Palermo y le pidi&oacute; que le firme una bandera entrerriana. Un trabajador del campo se acerc&oacute; al presidente Javier Milei este domingo antes del acto inaugural en la Sociedad Rural de Palermo. Se trata del productor tambero de [&hellip;]<\/p>\n","protected":false},"author":2,"featured_media":5151,"comment_status":"open","ping_status":"open","sticky":false,"template":"","format":"standard","meta":{"footnotes":""},"categories":[8,726],"tags":[2115,232,629,2116],"class_list":["post-5149","post","type-post","status-publish","format-standard","has-post-thumbnail","hentry","category-provinciales","category-sociedad","tag-damian-schneider","tag-javier-milei","tag-la-rural","tag-remera"],"_links":{"self":[{"href":"https:\/\/partediario.com.ar\/index.php?rest_route=\/wp\/v2\/posts\/5149","targetHints":{"allow":["GET"]}}],"collection":[{"href":"https:\/\/partediario.com.ar\/index.php?rest_route=\/wp\/v2\/posts"}],"about":[{"href":"https:\/\/partediario.com.ar\/index.php?rest_route=\/wp\/v2\/types\/post"}],"author":[{"embeddable":true,"href":"https:\/\/partediario.com.ar\/index.php?rest_route=\/wp\/v2\/users\/2"}],"replies":[{"embeddable":true,"href":"https:\/\/partediario.com.ar\/index.php?rest_route=%2Fwp%2Fv2%2Fcomments&post=5149"}],"version-history":[{"count":2,"href":"https:\/\/partediario.com.ar\/index.php?rest_route=\/wp\/v2\/posts\/5149\/revisions"}],"predecessor-version":[{"id":5156,"href":"https:\/\/partediario.com.ar\/index.php?rest_route=\/wp\/v2\/posts\/5149\/revisions\/5156"}],"wp:featuredmedia":[{"embeddable":true,"href":"https:\/\/partediario.com.ar\/index.php?rest_route=\/wp\/v2\/media\/5151"}],"wp:attachment":[{"href":"https:\/\/partediario.com.ar\/index.php?rest_route=%2Fwp%2Fv2%2Fmedia&parent=5149"}],"wp:term":[{"taxonomy":"category","embeddable":true,"href":"https:\/\/partediario.com.ar\/index.php?rest_route=%2Fwp%2Fv2%2Fcategories&post=5149"},{"taxonomy":"post_tag","embeddable":true,"href":"https:\/\/partediario.com.ar\/index.php?rest_route=%2Fwp%2Fv2%2Ftags&post=5149"}],"curies":[{"name":"wp","href":"https:\/\/api.w.org\/{rel}","templated":true}]}}