{"id":5157,"date":"2024-07-29T17:10:45","date_gmt":"2024-07-29T20:10:45","guid":{"rendered":"https:\/\/partediario.com.ar\/?p=5157"},"modified":"2024-07-29T17:10:46","modified_gmt":"2024-07-29T20:10:46","slug":"santa-fe-estaria-por-adquirir-pistolas-taser","status":"publish","type":"post","link":"https:\/\/partediario.com.ar\/?p=5157","title":{"rendered":"Santa Fe estar\u00eda por adquirir pistolas Taser"},"content":{"rendered":"\n<p><strong>Luego que Naci\u00f3n reglamentara el uso de las pistolas Taser para las fuerzas federales, el gobierno de Santa Fe avanz\u00f3 con la posible adquisici\u00f3n de esas armas no letales para la Polic\u00eda provincial. La semana pasada ya se hizo una demostraci\u00f3n en Rosario del funcionamiento.<\/strong><\/p>\n\n\n\n<p>\u201cEstamos a favor del uso gradual de la fuerza. No es necesario usar un arma de fuego si tenemos un arma intermedia. Lo estamos estudiando de una manera importante. Ya tuvimos una demostraci\u00f3n de la pistola Byrna, que est\u00e1 impulsada por aire comprimido y dispara bolitas como en el paint ball. C\u00f3rdoba y Neuqu\u00e9n ya las usan y dijeron haber tenido buenos resultados\u201d, explic\u00f3 Armando Faraoni, subsecretario de Tecnolog\u00eda y Equipamiento de Santa Fe.<\/p>\n\n\n\n<p>Y a\u00f1adi\u00f3 que: \u00abal gobierno le interes\u00f3 m\u00e1s la compra de pistolas Taser por su funcionamiento\u00bb. \u201cTienen menos intensidad de corriente que un desfibrilador. Se puede usar con una persona que tiene un marcapasos sin generarle un problema. Estamos avanzados. Tuvimos demostraciones y estamos haciendo un estudio de costos. Tambi\u00e9n estamos charlando con la Polic\u00eda\u201d, detall\u00f3.<\/p>\n\n\n\n<p>Se\u00f1al\u00f3 adem\u00e1s que, con esas armas no letales se terminar\u00eda la discusi\u00f3n de \u201cgatillo f\u00e1cil\u201d porque tambi\u00e9n lleva una c\u00e1mara incorporada que graba 120 segundos a partir de que el polic\u00eda la desenfunda, por lo que mostrar\u00eda en qu\u00e9 contexto se usa.<\/p>\n\n\n\n<p>\u201cEn estos momentos nosotros estamos en la parte de la factibilidad, pero la idea es que se incorpore lo antes posible\u201d, finaliz\u00f3.<\/p>\n","protected":false},"excerpt":{"rendered":"<p>Luego que Naci&oacute;n reglamentara el uso de las pistolas Taser para las fuerzas federales, el gobierno de Santa Fe avanz&oacute; con la posible adquisici&oacute;n de esas armas no letales para la Polic&iacute;a provincial. La semana pasada ya se hizo una demostraci&oacute;n en Rosario del funcionamiento. &ldquo;Estamos a favor del uso gradual de la fuerza. No [&hellip;]<\/p>\n","protected":false},"author":2,"featured_media":5158,"comment_status":"open","ping_status":"open","sticky":false,"template":"","format":"standard","meta":{"footnotes":""},"categories":[5,7],"tags":[2122,2120,1106,2121],"class_list":["post-5157","post","type-post","status-publish","format-standard","has-post-thumbnail","hentry","category-nacionales","category-policiales","tag-armando-faraoni","tag-pistolas","tag-santa-fe-2","tag-taser"],"_links":{"self":[{"href":"https:\/\/partediario.com.ar\/index.php?rest_route=\/wp\/v2\/posts\/5157","targetHints":{"allow":["GET"]}}],"collection":[{"href":"https:\/\/partediario.com.ar\/index.php?rest_route=\/wp\/v2\/posts"}],"about":[{"href":"https:\/\/partediario.com.ar\/index.php?rest_route=\/wp\/v2\/types\/post"}],"author":[{"embeddable":true,"href":"https:\/\/partediario.com.ar\/index.php?rest_route=\/wp\/v2\/users\/2"}],"replies":[{"embeddable":true,"href":"https:\/\/partediario.com.ar\/index.php?rest_route=%2Fwp%2Fv2%2Fcomments&post=5157"}],"version-history":[{"count":1,"href":"https:\/\/partediario.com.ar\/index.php?rest_route=\/wp\/v2\/posts\/5157\/revisions"}],"predecessor-version":[{"id":5159,"href":"https:\/\/partediario.com.ar\/index.php?rest_route=\/wp\/v2\/posts\/5157\/revisions\/5159"}],"wp:featuredmedia":[{"embeddable":true,"href":"https:\/\/partediario.com.ar\/index.php?rest_route=\/wp\/v2\/media\/5158"}],"wp:attachment":[{"href":"https:\/\/partediario.com.ar\/index.php?rest_route=%2Fwp%2Fv2%2Fmedia&parent=5157"}],"wp:term":[{"taxonomy":"category","embeddable":true,"href":"https:\/\/partediario.com.ar\/index.php?rest_route=%2Fwp%2Fv2%2Fcategories&post=5157"},{"taxonomy":"post_tag","embeddable":true,"href":"https:\/\/partediario.com.ar\/index.php?rest_route=%2Fwp%2Fv2%2Ftags&post=5157"}],"curies":[{"name":"wp","href":"https:\/\/api.w.org\/{rel}","templated":true}]}}