{"id":5163,"date":"2024-07-29T17:32:34","date_gmt":"2024-07-29T20:32:34","guid":{"rendered":"https:\/\/partediario.com.ar\/?p=5163"},"modified":"2024-07-29T19:51:59","modified_gmt":"2024-07-29T22:51:59","slug":"parana-finalizo-el-campeonato-de-milla-enrique-thompson","status":"publish","type":"post","link":"https:\/\/partediario.com.ar\/?p=5163","title":{"rendered":"Paran\u00e1: finaliz\u00f3 el Campeonato de Milla Enrique Thompson"},"content":{"rendered":"\n<h3 class=\"wp-block-heading\">La prueba atl\u00e9tica de tres fechas tuvo su cierre este s\u00e1bado en la pista del Complejo Thompson. Hubo una importante participaci\u00f3n de corredores y corredoras locales y de la regi\u00f3n. Fue organizado por la Cooperadora de la Escuela Municipal de Atletismo.<\/h3>\n\n\n\n<p>El subsecretario de Deportes, Juan Arbitelli, valor\u00f3: \u201cEste evento tuvo muy buenos niveles de competici\u00f3n, el d\u00eda nos acompa\u00f1\u00f3 y permiti\u00f3 a las familias disfrutar\u201d.<\/p>\n\n\n\n<p>\u201cEl balance de estas tres fechas es muy positivo, los participantes valoran esta competencia de mucha calidad\u201d, expres\u00f3 Pablo Carussi, instructor de la Escuela Municipal de Atletismo.<\/p>\n\n\n\n<p>El campeonato tuvo a lo largo de las tres fechas la participaci\u00f3n de competidores y competidoras de Paran\u00e1 y distintas ciudades de Entre R\u00edos.<\/p>\n\n\n\n<p>Luis Arias, atleta santafesino, expres\u00f3: \u201cEl atletismo le puede cambiar la vida a la gente, permite apuntar a un futuro mejor, estos eventos que hace la Municipalidad est\u00e1n muy bien organizados\u201d.<\/p>\n\n\n\n<p>Lorena Carussi, competidora de la tercera fecha, finaliz\u00f3: \u201cEstamos felices de participar, es fundamental el apoyo de la Municipalidad para la Escuela de Atletismo\u201d.<\/p>\n\n\n\n<p><\/p>\n\n\n\n<figure class=\"wp-block-image size-large\"><img loading=\"lazy\" decoding=\"async\" width=\"1024\" height=\"682\" src=\"https:\/\/partediario.com.ar\/wp-content\/uploads\/1722258991_8cf423eaa3aef16ecc92-1024x682.jpg\" alt=\"\" class=\"wp-image-5164\" srcset=\"https:\/\/partediario.com.ar\/wp-content\/uploads\/1722258991_8cf423eaa3aef16ecc92-1024x682.jpg 1024w, https:\/\/partediario.com.ar\/wp-content\/uploads\/1722258991_8cf423eaa3aef16ecc92-300x200.jpg 300w, https:\/\/partediario.com.ar\/wp-content\/uploads\/1722258991_8cf423eaa3aef16ecc92-768x512.jpg 768w, https:\/\/partediario.com.ar\/wp-content\/uploads\/1722258991_8cf423eaa3aef16ecc92.jpg 1280w\" sizes=\"auto, (max-width: 1024px) 100vw, 1024px\" \/><\/figure>\n\n\n\n<p><strong>Resultados Masculino<\/strong><\/p>\n\n\n\n<p>Categor\u00eda 10 a\u00f1os<\/p>\n\n\n\n<p>1\u00b0 Puesto: Nic\u00f3las Godoy<\/p>\n\n\n\n<p>2\u00b0 Puesto: Felipe Cameroni<\/p>\n\n\n\n<p>Categor\u00eda 12 a 14 a\u00f1os<\/p>\n\n\n\n<p>1\u00b0 Puesto: Juan Cruz Galeano<\/p>\n\n\n\n<p>2\u00b0 Puesto: Franco Tortul<\/p>\n\n\n\n<p>Categor\u00eda 20 a 29 a\u00f1os<\/p>\n\n\n\n<p>1\u00b0 Puesto: Esteban Esp\u00edndola<\/p>\n\n\n\n<p>2\u00b0 Puesto: Ismael Uner<\/p>\n\n\n\n<p>3\u00b0 Puesto: Lautaro Cabrera<\/p>\n\n\n\n<p>Categor\u00eda 30 a 39 a\u00f1os<\/p>\n\n\n\n<p>1\u00b0 Puesto: Eduardo Soto<\/p>\n\n\n\n<p>2\u00b0 Puesto: Cristian Torrilla<\/p>\n\n\n\n<p>3\u00b0 Puesto: Horacio Rodr\u00edguez<\/p>\n\n\n\n<p>Categor\u00eda 40 a 49 a\u00f1os<\/p>\n\n\n\n<p>1\u00b0 Puesto: Ra\u00fal Carussi<\/p>\n\n\n\n<p>2\u00b0 Puesto: Adr\u00edan Rosset<\/p>\n\n\n\n<p>3\u00b0 Puesto: Mario Tuama<\/p>\n\n\n\n<p>Categor\u00eda 50 a 59 a\u00f1os<\/p>\n\n\n\n<p>1\u00b0 Puesto: Mario Fisher<\/p>\n\n\n\n<p>2\u00b0 Puesto: Luis Arias<\/p>\n\n\n\n<p>3\u00b0 Puesto: Marcelo Acosta<\/p>\n\n\n\n<p>Categor\u00eda 60 a 69 a\u00f1os<\/p>\n\n\n\n<p>1\u00b0 Puesto: Claudio Deharbe<\/p>\n\n\n\n<p>2\u00b0 Puesto: N\u00e9stor Portillo<\/p>\n\n\n\n<p>Categor\u00eda 69 o m\u00e1s<\/p>\n\n\n\n<p>1\u00b0 Puesto: Ra\u00fal G\u00f3mez<\/p>\n\n\n\n<p>2\u00b0 Puesto: Ismael Zarate<\/p>\n\n\n\n<p><\/p>\n\n\n\n<figure class=\"wp-block-image size-large\"><img loading=\"lazy\" decoding=\"async\" width=\"1024\" height=\"682\" src=\"https:\/\/partediario.com.ar\/wp-content\/uploads\/1722259002_00b9c0b0b67ded5ed2fe-1024x682.jpg\" alt=\"\" class=\"wp-image-5165\" srcset=\"https:\/\/partediario.com.ar\/wp-content\/uploads\/1722259002_00b9c0b0b67ded5ed2fe-1024x682.jpg 1024w, https:\/\/partediario.com.ar\/wp-content\/uploads\/1722259002_00b9c0b0b67ded5ed2fe-300x200.jpg 300w, https:\/\/partediario.com.ar\/wp-content\/uploads\/1722259002_00b9c0b0b67ded5ed2fe-768x512.jpg 768w, https:\/\/partediario.com.ar\/wp-content\/uploads\/1722259002_00b9c0b0b67ded5ed2fe.jpg 1280w\" sizes=\"auto, (max-width: 1024px) 100vw, 1024px\" \/><\/figure>\n\n\n\n<p><\/p>\n\n\n\n<p><strong>3\u00b0 Fecha &#8211; Categor\u00eda Femenino<\/strong><\/p>\n\n\n\n<p>Categor\u00eda de 12 a 14<\/p>\n\n\n\n<p>1\u00ba &#8211; Lucia Daniela Molina<\/p>\n\n\n\n<p>2\u00ba &#8211; Mar\u00eda Emilia Molina<\/p>\n\n\n\n<p>Categor\u00eda 30 a 39<\/p>\n\n\n\n<p>1\u00ba &#8211; Mar\u00eda Segovia<\/p>\n\n\n\n<p>2\u00ba &#8211; Melina Gim\u00e9nez<\/p>\n\n\n\n<p>3\u00ba &#8211; Fernanda Salazar<\/p>\n\n\n\n<p>Categor\u00eda 40 a 49<\/p>\n\n\n\n<p>1\u00ba &#8211; Lorena Carussi<\/p>\n\n\n\n<p>2\u00ba &#8211; Mar\u00eda Segovia<\/p>\n\n\n\n<p>3\u00ba &#8211; Pamela Wernli<\/p>\n\n\n\n<p>Categor\u00eda 50 a 59<\/p>\n\n\n\n<p>1\u00ba &#8211; Ver\u00f3nica Militello<\/p>\n\n\n\n<p>2\u00ba &#8211; Liliana Beatriz Gamarra<\/p>\n\n\n\n<p>3\u00ba &#8211; Schenfeld<\/p>\n\n\n\n<p>Categor\u00eda 60 a 69<\/p>\n\n\n\n<p>1\u00ba &#8211; Ana Mar\u00eda Ben\u00edtez.<\/p>\n\n\n\n<p><\/p>\n\n\n\n<figure class=\"wp-block-embed is-type-video is-provider-youtube wp-block-embed-youtube wp-embed-aspect-16-9 wp-has-aspect-ratio\"><div class=\"wp-block-embed__wrapper\">\n<iframe loading=\"lazy\" title=\"Finaliz\u00f3 el Campeonato de Milla Enrique Thompson\" width=\"640\" height=\"360\" src=\"https:\/\/www.youtube.com\/embed\/0Rl_TPaBHiM?feature=oembed\" frameborder=\"0\" allow=\"accelerometer; autoplay; clipboard-write; encrypted-media; gyroscope; picture-in-picture; web-share\" referrerpolicy=\"strict-origin-when-cross-origin\" allowfullscreen><\/iframe>\n<\/div><\/figure>\n","protected":false},"excerpt":{"rendered":"<p>La prueba atl&eacute;tica de tres fechas tuvo su cierre este s&aacute;bado en la pista del Complejo Thompson. Hubo una importante participaci&oacute;n de corredores y corredoras locales y de la regi&oacute;n. Fue organizado por la Cooperadora de la Escuela Municipal de Atletismo. El subsecretario de Deportes, Juan Arbitelli, valor&oacute;: &ldquo;Este evento tuvo muy buenos niveles de [&hellip;]<\/p>\n","protected":false},"author":2,"featured_media":5166,"comment_status":"open","ping_status":"open","sticky":false,"template":"","format":"standard","meta":{"footnotes":""},"categories":[4,6],"tags":[2125,2126,265],"class_list":["post-5163","post","type-post","status-publish","format-standard","has-post-thumbnail","hentry","category-deportes","category-locales","tag-campeonato","tag-milla-enrique-thompson","tag-parana"],"_links":{"self":[{"href":"https:\/\/partediario.com.ar\/index.php?rest_route=\/wp\/v2\/posts\/5163","targetHints":{"allow":["GET"]}}],"collection":[{"href":"https:\/\/partediario.com.ar\/index.php?rest_route=\/wp\/v2\/posts"}],"about":[{"href":"https:\/\/partediario.com.ar\/index.php?rest_route=\/wp\/v2\/types\/post"}],"author":[{"embeddable":true,"href":"https:\/\/partediario.com.ar\/index.php?rest_route=\/wp\/v2\/users\/2"}],"replies":[{"embeddable":true,"href":"https:\/\/partediario.com.ar\/index.php?rest_route=%2Fwp%2Fv2%2Fcomments&post=5163"}],"version-history":[{"count":1,"href":"https:\/\/partediario.com.ar\/index.php?rest_route=\/wp\/v2\/posts\/5163\/revisions"}],"predecessor-version":[{"id":5167,"href":"https:\/\/partediario.com.ar\/index.php?rest_route=\/wp\/v2\/posts\/5163\/revisions\/5167"}],"wp:featuredmedia":[{"embeddable":true,"href":"https:\/\/partediario.com.ar\/index.php?rest_route=\/wp\/v2\/media\/5166"}],"wp:attachment":[{"href":"https:\/\/partediario.com.ar\/index.php?rest_route=%2Fwp%2Fv2%2Fmedia&parent=5163"}],"wp:term":[{"taxonomy":"category","embeddable":true,"href":"https:\/\/partediario.com.ar\/index.php?rest_route=%2Fwp%2Fv2%2Fcategories&post=5163"},{"taxonomy":"post_tag","embeddable":true,"href":"https:\/\/partediario.com.ar\/index.php?rest_route=%2Fwp%2Fv2%2Ftags&post=5163"}],"curies":[{"name":"wp","href":"https:\/\/api.w.org\/{rel}","templated":true}]}}