{"id":5168,"date":"2024-07-29T19:54:48","date_gmt":"2024-07-29T22:54:48","guid":{"rendered":"https:\/\/partediario.com.ar\/?p=5168"},"modified":"2024-07-29T19:54:49","modified_gmt":"2024-07-29T22:54:49","slug":"nicolas-maduro-retira-embajadores-de-argentina-y-otros-paises-que-desconocen-los-resultados-electorales","status":"publish","type":"post","link":"https:\/\/partediario.com.ar\/?p=5168","title":{"rendered":"Nicol\u00e1s Maduro retira embajadores de Argentina y otros pa\u00edses que desconocen los resultados electorales"},"content":{"rendered":"\n<p><strong>La novedad la dio a conocer el Canciller Yv\u00e1n Gil, que acus\u00f3 a esas naciones de \u201cinjerencistas\u201d y orden\u00f3 que los diplom\u00e1ticos venezolanos en esos pa\u00edses regresen a Caracas de forma inmediata.<\/strong><\/p>\n\n\n\n<p>El Gobierno de Nicol\u00e1s Maduro orden\u00f3 retirar embajadores de Argentina y otros seis pa\u00edses de Am\u00e9rica Latina por presunta \u201cinjerencia\u201d en el proceso electoral de Venezuela de este domingo. Tambi\u00e9n expuls\u00f3 a los diplom\u00e1ticos de Caracas.<\/p>\n\n\n\n<p>El Canciller de Venezuela, Yv\u00e1n Gil, anunci\u00f3 que Venezuela retirar\u00e1 a \u201ctodo el personal diplom\u00e1tico de las misiones en Argentina, Chile, Costa Rica, Per\u00fa, Panam\u00e1, Rep\u00fablica Dominicana y Uruguay, al tiempo de exigir a estos gobiernos el retiro de manera inmediata de sus representantes en territorio venezolano\u201d.<\/p>\n\n\n\n<p>Horas atr\u00e1s el Gobierno de Javier Milei, a trav\u00e9s de un comunicado de la Canciller\u00eda, anunci\u00f3 el desconocimiento de los resultados de las elecciones venezolanas, luego de que el Consejo Nacional Electoral de Venezuela diera por ganador a Maduro.<\/p>\n\n\n\n<p>\u201cLa Rep\u00fablica Argentina rechaza y desconoce el resultado anunciado por el Gobierno venezolano en el que se adjudica el triunfo en las elecciones presidenciales que tuvieron lugar el d\u00eda 28 de julio y condena en\u00e9rgicamente el accionar del presidente Nicol\u00e1s Maduro que, tal como se esperaba, ha despreciado una vez m\u00e1s la voluntad del pueblo venezolano de vivir en una Venezuela libre, pr\u00f3spera y democr\u00e1tica\u201d, expresaba el comunicado difundido en redes sociales.<\/p>\n","protected":false},"excerpt":{"rendered":"<p>La novedad la dio a conocer el Canciller Yv&aacute;n Gil, que acus&oacute; a esas naciones de &ldquo;injerencistas&rdquo; y orden&oacute; que los diplom&aacute;ticos venezolanos en esos pa&iacute;ses regresen a Caracas de forma inmediata. El Gobierno de Nicol&aacute;s Maduro orden&oacute; retirar embajadores de Argentina y otros seis pa&iacute;ses de Am&eacute;rica Latina por presunta &ldquo;injerencia&rdquo; en el proceso [&hellip;]<\/p>\n","protected":false},"author":2,"featured_media":5169,"comment_status":"open","ping_status":"open","sticky":false,"template":"","format":"standard","meta":{"footnotes":""},"categories":[9,5,176],"tags":[2127,1564,1339],"class_list":["post-5168","post","type-post","status-publish","format-standard","has-post-thumbnail","hentry","category-internacionales","category-nacionales","category-politica","tag-embajadores","tag-nicolas-maduro","tag-venezuela"],"_links":{"self":[{"href":"https:\/\/partediario.com.ar\/index.php?rest_route=\/wp\/v2\/posts\/5168","targetHints":{"allow":["GET"]}}],"collection":[{"href":"https:\/\/partediario.com.ar\/index.php?rest_route=\/wp\/v2\/posts"}],"about":[{"href":"https:\/\/partediario.com.ar\/index.php?rest_route=\/wp\/v2\/types\/post"}],"author":[{"embeddable":true,"href":"https:\/\/partediario.com.ar\/index.php?rest_route=\/wp\/v2\/users\/2"}],"replies":[{"embeddable":true,"href":"https:\/\/partediario.com.ar\/index.php?rest_route=%2Fwp%2Fv2%2Fcomments&post=5168"}],"version-history":[{"count":1,"href":"https:\/\/partediario.com.ar\/index.php?rest_route=\/wp\/v2\/posts\/5168\/revisions"}],"predecessor-version":[{"id":5170,"href":"https:\/\/partediario.com.ar\/index.php?rest_route=\/wp\/v2\/posts\/5168\/revisions\/5170"}],"wp:featuredmedia":[{"embeddable":true,"href":"https:\/\/partediario.com.ar\/index.php?rest_route=\/wp\/v2\/media\/5169"}],"wp:attachment":[{"href":"https:\/\/partediario.com.ar\/index.php?rest_route=%2Fwp%2Fv2%2Fmedia&parent=5168"}],"wp:term":[{"taxonomy":"category","embeddable":true,"href":"https:\/\/partediario.com.ar\/index.php?rest_route=%2Fwp%2Fv2%2Fcategories&post=5168"},{"taxonomy":"post_tag","embeddable":true,"href":"https:\/\/partediario.com.ar\/index.php?rest_route=%2Fwp%2Fv2%2Ftags&post=5168"}],"curies":[{"name":"wp","href":"https:\/\/api.w.org\/{rel}","templated":true}]}}