{"id":5177,"date":"2024-07-30T09:49:46","date_gmt":"2024-07-30T12:49:46","guid":{"rendered":"https:\/\/partediario.com.ar\/?p=5177"},"modified":"2024-07-30T15:05:20","modified_gmt":"2024-07-30T18:05:20","slug":"tiempo-en-entre-rios-la-manana-se-presenta-con-mucho-frio-en-la-provincia","status":"publish","type":"post","link":"https:\/\/partediario.com.ar\/?p=5177","title":{"rendered":"Tiempo en Entre R\u00edos: la ma\u00f1ana se presenta con mucho fr\u00edo en la provincia"},"content":{"rendered":"\n<h3 class=\"wp-block-heading\">Desde el pr\u00f3ximo mi\u00e9rcoles se registrar\u00e1 un fuerte cambio en las temperaturas. El pron\u00f3stico extendido del clima anticipa un brusco salto en las temperaturas en Entre R\u00edos.<\/h3>\n\n\n\n<p>El Servicio Meteorol\u00f3gico Nacional -SMN- anticipa la llegada de calor en pleno invierno en Entre R\u00edos. Sin embargo, este semana se inici\u00f3 muy fr\u00eda, este martes, se registraron m\u00ednimas que tocaron los 0\u00b0, 1\u00b0 y 2\u00b0 en la costa del R\u00edo Uruguay y el sur de la provincia.<\/p>\n\n\n\n<p>Seg\u00fan se se\u00f1ala en Col\u00f3n, Gualeguaych\u00fa, Concepci\u00f3n del Uruguay tuvieron 0\u00b0 de m\u00ednima este martes y la m\u00e1xima no superar\u00e1 los 15\u00b0. Por su parte, Gualeguay y Victoria registraron 1\u00b0 y Concordia 2\u00b0. Para La Paz y Paran\u00e1, el menor registro lleg\u00f3 a 3\u00b0.<\/p>\n\n\n\n<p><strong>Cambio de tiempo en Entre R\u00edos: anuncian hasta 32\u00b0<\/strong><\/p>\n\n\n\n<p>El organismo nacional anuncia que a partir del mi\u00e9rcoles el term\u00f3metro comenzar\u00e1 a subir. Anticipan un pico ins\u00f3lito para esta \u00e9poca para el viernes, cuando en algunas zonas -como Concordia, por ejemplo- se llegar\u00eda a los 32 grados. En Paran\u00e1 y alrededores, por su lado, alcanzar\u00eda los 31 grados.<\/p>\n\n\n\n<p>La ins\u00f3lita ola de calor en pleno invierno se sostendr\u00eda por algunas horas, dado que para el fin de semana se pronostica nuevamente descenso de las temperaturas, aunque con m\u00e1ximas que se mantendr\u00e1n por encima de los 20 grados.<\/p>\n\n\n\n<p><strong>Clima en las principales ciudades entrerrianas<\/strong><\/p>\n\n\n\n<figure class=\"wp-block-image size-full\"><img loading=\"lazy\" decoding=\"async\" width=\"681\" height=\"554\" src=\"https:\/\/partediario.com.ar\/wp-content\/uploads\/scrnli_30_7_2024_9-44-15.png\" alt=\"\" class=\"wp-image-5178\" srcset=\"https:\/\/partediario.com.ar\/wp-content\/uploads\/scrnli_30_7_2024_9-44-15.png 681w, https:\/\/partediario.com.ar\/wp-content\/uploads\/scrnli_30_7_2024_9-44-15-300x244.png 300w\" sizes=\"auto, (max-width: 681px) 100vw, 681px\" \/><\/figure>\n","protected":false},"excerpt":{"rendered":"<p>Desde el pr&oacute;ximo mi&eacute;rcoles se registrar&aacute; un fuerte cambio en las temperaturas. El pron&oacute;stico extendido del clima anticipa un brusco salto en las temperaturas en Entre R&iacute;os. El Servicio Meteorol&oacute;gico Nacional -SMN- anticipa la llegada de calor en pleno invierno en Entre R&iacute;os. Sin embargo, este semana se inici&oacute; muy fr&iacute;a, este martes, se registraron [&hellip;]<\/p>\n","protected":false},"author":2,"featured_media":5194,"comment_status":"open","ping_status":"open","sticky":false,"template":"","format":"standard","meta":{"footnotes":""},"categories":[8,726],"tags":[267,257],"class_list":["post-5177","post","type-post","status-publish","format-standard","has-post-thumbnail","hentry","category-provinciales","category-sociedad","tag-clima","tag-entre-rios"],"_links":{"self":[{"href":"https:\/\/partediario.com.ar\/index.php?rest_route=\/wp\/v2\/posts\/5177","targetHints":{"allow":["GET"]}}],"collection":[{"href":"https:\/\/partediario.com.ar\/index.php?rest_route=\/wp\/v2\/posts"}],"about":[{"href":"https:\/\/partediario.com.ar\/index.php?rest_route=\/wp\/v2\/types\/post"}],"author":[{"embeddable":true,"href":"https:\/\/partediario.com.ar\/index.php?rest_route=\/wp\/v2\/users\/2"}],"replies":[{"embeddable":true,"href":"https:\/\/partediario.com.ar\/index.php?rest_route=%2Fwp%2Fv2%2Fcomments&post=5177"}],"version-history":[{"count":1,"href":"https:\/\/partediario.com.ar\/index.php?rest_route=\/wp\/v2\/posts\/5177\/revisions"}],"predecessor-version":[{"id":5180,"href":"https:\/\/partediario.com.ar\/index.php?rest_route=\/wp\/v2\/posts\/5177\/revisions\/5180"}],"wp:featuredmedia":[{"embeddable":true,"href":"https:\/\/partediario.com.ar\/index.php?rest_route=\/wp\/v2\/media\/5194"}],"wp:attachment":[{"href":"https:\/\/partediario.com.ar\/index.php?rest_route=%2Fwp%2Fv2%2Fmedia&parent=5177"}],"wp:term":[{"taxonomy":"category","embeddable":true,"href":"https:\/\/partediario.com.ar\/index.php?rest_route=%2Fwp%2Fv2%2Fcategories&post=5177"},{"taxonomy":"post_tag","embeddable":true,"href":"https:\/\/partediario.com.ar\/index.php?rest_route=%2Fwp%2Fv2%2Ftags&post=5177"}],"curies":[{"name":"wp","href":"https:\/\/api.w.org\/{rel}","templated":true}]}}