{"id":5246,"date":"2024-07-31T15:04:10","date_gmt":"2024-07-31T18:04:10","guid":{"rendered":"https:\/\/partediario.com.ar\/?p=5246"},"modified":"2024-07-31T15:24:01","modified_gmt":"2024-07-31T18:24:01","slug":"excelentes-noticias-para-el-millonario-marcelo-gallardo-vuelve-a-river","status":"publish","type":"post","link":"https:\/\/partediario.com.ar\/?p=5246","title":{"rendered":"Excelentes noticias para el Millonario: Marcelo Gallardo vuelve a River"},"content":{"rendered":"\n<p><strong>El Mu\u00f1eco ser\u00e1 el reemplazante de Mart\u00edn Demichelis y ultiman detalles para efectivizar su ingreso como DT de River Plate. Su primer desaf\u00edo ser\u00e1 ante Hurac\u00e1n en el Monumental.<\/strong><\/p>\n\n\n\n<p>Marcelo Gallardo vuelve a River. Tras varios d\u00edas de negociaciones, el Mu\u00f1eco acord\u00f3 regresar y ultiman detalles para firmar el contrato, para luego ser presentado de forma oficial. El DT est\u00e1 terminando de reunir a su grupo de trabajo y el pr\u00f3ximo lunes ser\u00e1 el momento de hacerlo oficial, por lo que Marcelo Escudero estar\u00e1 a cargo del equipo ante Uni\u00f3n, en Santa Fe.<\/p>\n\n\n\n<p>La postergaci\u00f3n de la r\u00fabrica tiene que ver con las concesiones que el club le permitir\u00e1 tener. Despu\u00e9s del primer encuentro con Jorge Brito, trascendi\u00f3 que el presidente de River no quiere darle el mismo poder que tuvo durante el mandato de Jorge D&#8217;Onofrio, cuando ten\u00eda bajo su \u00f3rbita el primer equipo y una l\u00ednea de trabajo que inclu\u00eda a la Reserva y las inferiores.<\/p>\n\n\n\n<p><\/p>\n\n\n\n<figure class=\"wp-block-image size-full\"><img loading=\"lazy\" decoding=\"async\" width=\"768\" height=\"400\" src=\"https:\/\/partediario.com.ar\/wp-content\/uploads\/f768x400-1629826_1673729_5132.webp\" alt=\"\" class=\"wp-image-5247\" srcset=\"https:\/\/partediario.com.ar\/wp-content\/uploads\/f768x400-1629826_1673729_5132.webp 768w, https:\/\/partediario.com.ar\/wp-content\/uploads\/f768x400-1629826_1673729_5132-300x156.webp 300w\" sizes=\"auto, (max-width: 768px) 100vw, 768px\" \/><figcaption class=\"wp-element-caption\"><strong>Gallardo y Jorge Brito tienen todo acordado para el regreso del DT.<\/strong><\/figcaption><\/figure>\n\n\n\n<p><\/p>\n\n\n\n<p>Durante su primera semana se encontrar\u00e1 con muchos jugadores que ya dirigi\u00f3, pero son muchos los que no han tenido la chance de conocerlo. Su primer desaf\u00edo ser\u00e1 ante Hurac\u00e1n, actual l\u00edder de la Liga Profesional, en el Monumental y el 14 jugar\u00e1 el partido de ido de los octavos de final de la Copa Libertadores ante Talleres de C\u00f3rdoba.<\/p>\n\n\n\n<p>Jerem\u00edas Ledesma, Federico Gattoni, Franco Carboni y Adam Bareiro son los refuerzos que han llegado hasta el momento y se ver\u00e1 qu\u00e9 protagonismo tendr\u00e1n con el Mu\u00f1eco. Seguramente, teniendo en cuenta que el mercado de pases sigue abierto, pedir\u00e1 reforzar alg\u00fan puesto tras hacer su primera evaluaci\u00f3n. Enzo D\u00edaz, Rodrigo Villagra, Agust\u00edn Sant&#8217;Anna, Facundo Colidio y Nicol\u00e1s Fonseca, tampoco lo conocen, a pesar de que alguna vez lo cruzaron en sus pasos previos por Talleres, Tigre y Defensa.<\/p>\n\n\n\n<p>Franco Armani, Nacho Fern\u00e1ndez, Milton Casco, Paulo D\u00edaz, Rodrigo Aliendro, Santiago Sim\u00f3n, Miguel Borja y Pablo Solari, son los que ya compartieron charlas t\u00e9cnicas con el entrenador m\u00e1s exitoso de la historia del club de N\u00fa\u00f1ez.<\/p>\n","protected":false},"excerpt":{"rendered":"<p>El Mu&ntilde;eco ser&aacute; el reemplazante de Mart&iacute;n Demichelis y ultiman detalles para efectivizar su ingreso como DT de River Plate. Su primer desaf&iacute;o ser&aacute; ante Hurac&aacute;n en el Monumental. Marcelo Gallardo vuelve a River. Tras varios d&iacute;as de negociaciones, el Mu&ntilde;eco acord&oacute; regresar y ultiman detalles para firmar el contrato, para luego ser presentado de [&hellip;]<\/p>\n","protected":false},"author":2,"featured_media":5252,"comment_status":"open","ping_status":"open","sticky":false,"template":"","format":"standard","meta":{"footnotes":""},"categories":[4,5],"tags":[2158,2157,2129,2086,2085],"class_list":["post-5246","post","type-post","status-publish","format-standard","has-post-thumbnail","hentry","category-deportes","category-nacionales","tag-huracan","tag-jorge-brito","tag-marcelo-gallardo","tag-martin-demichelis","tag-river-plate"],"_links":{"self":[{"href":"https:\/\/partediario.com.ar\/index.php?rest_route=\/wp\/v2\/posts\/5246","targetHints":{"allow":["GET"]}}],"collection":[{"href":"https:\/\/partediario.com.ar\/index.php?rest_route=\/wp\/v2\/posts"}],"about":[{"href":"https:\/\/partediario.com.ar\/index.php?rest_route=\/wp\/v2\/types\/post"}],"author":[{"embeddable":true,"href":"https:\/\/partediario.com.ar\/index.php?rest_route=\/wp\/v2\/users\/2"}],"replies":[{"embeddable":true,"href":"https:\/\/partediario.com.ar\/index.php?rest_route=%2Fwp%2Fv2%2Fcomments&post=5246"}],"version-history":[{"count":1,"href":"https:\/\/partediario.com.ar\/index.php?rest_route=\/wp\/v2\/posts\/5246\/revisions"}],"predecessor-version":[{"id":5248,"href":"https:\/\/partediario.com.ar\/index.php?rest_route=\/wp\/v2\/posts\/5246\/revisions\/5248"}],"wp:featuredmedia":[{"embeddable":true,"href":"https:\/\/partediario.com.ar\/index.php?rest_route=\/wp\/v2\/media\/5252"}],"wp:attachment":[{"href":"https:\/\/partediario.com.ar\/index.php?rest_route=%2Fwp%2Fv2%2Fmedia&parent=5246"}],"wp:term":[{"taxonomy":"category","embeddable":true,"href":"https:\/\/partediario.com.ar\/index.php?rest_route=%2Fwp%2Fv2%2Fcategories&post=5246"},{"taxonomy":"post_tag","embeddable":true,"href":"https:\/\/partediario.com.ar\/index.php?rest_route=%2Fwp%2Fv2%2Ftags&post=5246"}],"curies":[{"name":"wp","href":"https:\/\/api.w.org\/{rel}","templated":true}]}}