{"id":5304,"date":"2024-08-01T11:46:27","date_gmt":"2024-08-01T14:46:27","guid":{"rendered":"https:\/\/partediario.com.ar\/?p=5304"},"modified":"2024-08-01T11:46:44","modified_gmt":"2024-08-01T14:46:44","slug":"misiones-terrible-trama-detras-de-un-choque-que-le-costo-la-vida-a-un-nino-y-a-su-padrastro","status":"publish","type":"post","link":"https:\/\/partediario.com.ar\/?p=5304","title":{"rendered":"Misiones: terrible trama detr\u00e1s de un choque que le cost\u00f3 la vida a un ni\u00f1o y a su padrastro"},"content":{"rendered":"\n<p><strong>Un ni\u00f1o falleci\u00f3 debido a las heridas sufridas en un despiste y choque de auto en Posadas. La madre, que iba junto a la v\u00edctima, result\u00f3 herida. El conductor escap\u00f3, se arroj\u00f3 bajo un colectivo y falleci\u00f3 horas despu\u00e9s. Se cree que la colisi\u00f3n fue intencional.<\/strong><\/p>\n\n\n\n<p>Un ni\u00f1o de 5 a\u00f1os muri\u00f3 tras un accidente vial en el acceso Sur de Posadas. El hombre que manejaba el Peugeot involucrado en el siniestro se arroj\u00f3 frente a un \u00f3mnibus y falleci\u00f3 horas m\u00e1s tarde.<\/p>\n\n\n\n<p>El veh\u00edculo despist\u00f3 y choc\u00f3 contra un poste, el mi\u00e9rcoles a la madrugada, hecho que provoc\u00f3 la muerte de un menor de 5 a\u00f1os y heridas de gravedad a su madre de 25 a\u00f1os. El conductor del Peugeot 206 Compact, Jorge Albino Benke, era el padrastro del peque\u00f1o.<\/p>\n\n\n\n<p>Al momento de la detenci\u00f3n, en el Hospital Madariaga, hacia donde hab\u00eda sido trasladado, la fuerza de seguridad descubri\u00f3 que ten\u00eda heridas anteriores, presumiblemente del despiste, que adem\u00e1s se cree fue provocado de manera intencional por parte del conductor.<\/p>\n\n\n\n<p><strong>La trama det\u00e1s del accidente vial<\/strong><\/p>\n\n\n\n<p>La mam\u00e1 de Isaac, una mujer de 25 a\u00f1os hab\u00eda denunciado en enero de este a\u00f1o a su concubino por violento. Ambos ten\u00edan restricci\u00f3n de acercamiento, pero la misma se cumpli\u00f3 a los seis meses de radicada la denuncia en la comisar\u00eda de la Mujer del barrio F\u00e1tima.<\/p>\n\n\n\n<p>Luego del accidente que le cost\u00f3 la vida a su ni\u00f1o, la joven les relat\u00f3 a los polic\u00edas que intervinieron en el hecho que ven\u00edan discutiendo con su pareja durante el viaje y sembr\u00f3 la duda de si el choque habr\u00eda sido intencional.<\/p>\n\n\n\n<p>Con el peritaje de la Divisi\u00f3n Criminal\u00edstica, se confirm\u00f3 que el accidente fue adrede, debido a la falta de marcas de frenado en el asfalto.<\/p>\n\n\n\n<p>La vida de la mujer no corre peligro, se recupera en el Hospital Madariaga, mientras que su concubino falleci\u00f3 pasadas las 14 horas de este mi\u00e9rcoles.<\/p>\n\n\n\n<p><strong>El siniestro vial<\/strong><\/p>\n\n\n\n<p>Isaac Ripper muri\u00f3 en la intersecci\u00f3n del acceso Sur en la entrada del barrio A3-2 de Posadas luego de sufrir graves lesiones en el despiste de un autom\u00f3vil. Su madre que iba junto a la v\u00edctima tiene fractura de cadera.<\/p>\n\n\n\n<p>Cerca de las 1:20 la Polic\u00eda fue alertada sobre un siniestro vial en dicha arteria, donde un Peugeot con tres ocupantes despist\u00f3 impactando contra un poste de luz. Cuando arribaron al lugar constataron que el conductor se dio a la fuga y una mujer de 25 a\u00f1os junto a su hijo de 5 estaban gravemente heridos, r\u00e1pidamente le subieron a una ambulancia donde lamentablemente el menor falleci\u00f3 antes de llegar al hospital.<\/p>\n\n\n\n<p>Por su parte la madre fue examinada por los m\u00e9dicos que le diagnosticaron \u201cluxafractura de cadera\u201d y solicitaron la autopsia m\u00e9dico-legal del cuerpo para determinar las causales de la muerte.<\/p>\n\n\n\n<p>Benker habr\u00eda chocado su auto Peugeot 206 contra un poste de luz ubicado al ingreso del barrio A3-2 de Posadas. Con \u00e9l viajaban una mujer de 25 a\u00f1os y el hijo de la misma, Isaac Rippel de 5, quien perdi\u00f3 la vida camino al nosocomio.<\/p>\n\n\n\n<p>Ante la situaci\u00f3n el conductor abandon\u00f3 el rodado y se dio a la fuga. Horas m\u00e1s tarde el hombre fue embestido por un \u00f3mnibus sobre la Ruta 12 a la altura del arroyo Zaim\u00e1n tras arrojarse frente al veh\u00edculo. Adem\u00e1s, en ese momento tambi\u00e9n fue chocada por el rodado mayor un motociclista que requiri\u00f3 atenci\u00f3n m\u00e9dica.<\/p>\n\n\n\n<p>Benker fue llevado r\u00e1pidamente en una ambulancia al centro asistencial donde cerca de las 14 horas falleci\u00f3 debido a un paro cardiorrespiratorio.<\/p>\n\n\n\n<p>El Juzgado de Instrucci\u00f3n N.\u00ba 1 de Posadas, dispuso que el cuerpo del hombre fallecido sea entregado a sus familiares. Con respecto al menor, se dispuso la realizaci\u00f3n de la autopsia.<\/p>\n","protected":false},"excerpt":{"rendered":"<p>Un ni&ntilde;o falleci&oacute; debido a las heridas sufridas en un despiste y choque de auto en Posadas. La madre, que iba junto a la v&iacute;ctima, result&oacute; herida. El conductor escap&oacute;, se arroj&oacute; bajo un colectivo y falleci&oacute; horas despu&eacute;s. Se cree que la colisi&oacute;n fue intencional. Un ni&ntilde;o de 5 a&ntilde;os muri&oacute; tras un accidente [&hellip;]<\/p>\n","protected":false},"author":2,"featured_media":5305,"comment_status":"open","ping_status":"open","sticky":false,"template":"","format":"standard","meta":{"footnotes":""},"categories":[5,7],"tags":[443,445,614,508,2191,1456],"class_list":["post-5304","post","type-post","status-publish","format-standard","has-post-thumbnail","hentry","category-nacionales","category-policiales","tag-accidente","tag-fatal","tag-misiones","tag-nino","tag-padrastro","tag-posadas"],"_links":{"self":[{"href":"https:\/\/partediario.com.ar\/index.php?rest_route=\/wp\/v2\/posts\/5304","targetHints":{"allow":["GET"]}}],"collection":[{"href":"https:\/\/partediario.com.ar\/index.php?rest_route=\/wp\/v2\/posts"}],"about":[{"href":"https:\/\/partediario.com.ar\/index.php?rest_route=\/wp\/v2\/types\/post"}],"author":[{"embeddable":true,"href":"https:\/\/partediario.com.ar\/index.php?rest_route=\/wp\/v2\/users\/2"}],"replies":[{"embeddable":true,"href":"https:\/\/partediario.com.ar\/index.php?rest_route=%2Fwp%2Fv2%2Fcomments&post=5304"}],"version-history":[{"count":1,"href":"https:\/\/partediario.com.ar\/index.php?rest_route=\/wp\/v2\/posts\/5304\/revisions"}],"predecessor-version":[{"id":5306,"href":"https:\/\/partediario.com.ar\/index.php?rest_route=\/wp\/v2\/posts\/5304\/revisions\/5306"}],"wp:featuredmedia":[{"embeddable":true,"href":"https:\/\/partediario.com.ar\/index.php?rest_route=\/wp\/v2\/media\/5305"}],"wp:attachment":[{"href":"https:\/\/partediario.com.ar\/index.php?rest_route=%2Fwp%2Fv2%2Fmedia&parent=5304"}],"wp:term":[{"taxonomy":"category","embeddable":true,"href":"https:\/\/partediario.com.ar\/index.php?rest_route=%2Fwp%2Fv2%2Fcategories&post=5304"},{"taxonomy":"post_tag","embeddable":true,"href":"https:\/\/partediario.com.ar\/index.php?rest_route=%2Fwp%2Fv2%2Ftags&post=5304"}],"curies":[{"name":"wp","href":"https:\/\/api.w.org\/{rel}","templated":true}]}}