{"id":5310,"date":"2024-08-01T12:04:00","date_gmt":"2024-08-01T15:04:00","guid":{"rendered":"https:\/\/partediario.com.ar\/?p=5310"},"modified":"2024-08-01T12:04:01","modified_gmt":"2024-08-01T15:04:01","slug":"guillermo-francos-recibe-a-los-gobernadores-de-juntos-por-el-cambio","status":"publish","type":"post","link":"https:\/\/partediario.com.ar\/?p=5310","title":{"rendered":"Guillermo Francos recibe a los gobernadores de Juntos por el Cambio"},"content":{"rendered":"\n<p><strong>La relaci\u00f3n entre el Gobierno y los aliados pol\u00edticos se pone a prueba nuevamente este jueves, cuando el jefe de Gabinete, Guillermo Francos, reciba en la Casa Rosada a los gobernadores de Juntos por el Cambio. Tras el despido de funcionarios del mismo espacio de las direcciones provinciales de la Direcci\u00f3n Nacional de Vialidad. Y la mantenci\u00f3n de los subsidios al transporte \u00fanicamente en AMBA, postergando una vez m\u00e1s al interior.<\/strong><\/p>\n\n\n\n<p>De diferente modo, todos los mandatarios provinciales ven\u00edan solicitando un encuentro para poner sobre la mesa una bater\u00eda de temas pendientes tras la sanci\u00f3n de la Ley Bases y el Pacto de Mayo. Entre otros asuntos, sobresale el viejo reclamo por el financiamiento para las cajas previsionales de las provincias no transferidas a Naci\u00f3n.<\/p>\n\n\n\n<p>Uno de los principales promotores del c\u00f3nclave en la sede de gobierno es el mandatario de Chaco, Leandro Zdero (UCR), que considera que no hubo ayudas concretas a las provincias aliadas luego del respaldo a las leyes promovidas por el Poder Ejecutivo. \u201cSiguen las discusiones en torno a la compensaci\u00f3n de fondos por las cajas previsionales provinciales\u201d, manifestaron en su entorno.<\/p>\n\n\n\n<p>Los diez gobernadores se presentar\u00e1n en bloque frente al Gobierno, pese a que no todos tienen el mismo nivel de reclamos. Hay algunos m\u00e1s contrariados que otros con la Casa Rosada. \u201cEl Gobierno tiene que anotar los pedidos de los gobernadores despu\u00e9s de haber apoyado a la Ley Bases y el Pacto de Mayo\u201d, se\u00f1alaron cerca de uno de los gobernadores de Pro.<\/p>\n\n\n\n<p>Si bien todav\u00eda faltan ajustar algunos pormenores, se espera que Francos reciba a los gobernadores alrededor de las 11 en Balcarce 50. El ministro coordinador, se supo que tendr\u00eda una foto con los tres mandatarios de Pro -Jorge Macri (Capital Federal), Ignacio Torres (Chubut) y Rogelio Frigerio (Entre R\u00edos)- horas antes del acto que prepar\u00f3 Mauricio Macri en La Boca para relanzar su partido. La puesta en escena del expresidente contar\u00e1, justamente, con la presencia de gobernadores e intendentes para mostrar su poder en el territorio.<\/p>\n\n\n\n<p><strong>Macri<\/strong><\/p>\n\n\n\n<p>Ma\u00f1ana por la tarde, cuando se suba al escenario, se espera que el exmandatario marque un posicionamiento ambivalente frente a la gesti\u00f3n libertaria: de apoyo al trazo grueso del programa econ\u00f3mico y de diferenciaci\u00f3n frente a algunos puntos de la agenda institucional.<\/p>\n\n\n\n<p>Macri siempre le reclam\u00f3 a Milei que atendiera prioritariamente a los gobernadores aliados: los de su partido primero, los del resto de Juntos por el Cambio, luego. El principal reproche del titular de Pro estaba vinculado a la demora en la actualizaci\u00f3n de la coparticipaci\u00f3n a la Ciudad, un asunto que finalmente se destrab\u00f3 hace diez d\u00edas y que le llev\u00f3 alivio financiero a la administraci\u00f3n de Jorge Macri, posponiendo nuevamente a las provincias, del mismo modo que lo acaban de decidir al mantener los subsidios al transporte urbano de pasajeros \u00ab\u00fanicamente en AMBA\u00bb.<\/p>\n\n\n\n<p>En la Casa Rosada aseguraron que la reuni\u00f3n con los gobernadores fue agendada hace varias semanas (Francos lleg\u00f3 este lunes de unos d\u00edas de receso) y que fue un pedido de los mandatarios al jefe de Gabinete, sin intermediarios.<\/p>\n\n\n\n<p>En Pro desestimaron cualquier ruido con el acto que, m\u00e1s tarde ese mismo d\u00eda, encabezar\u00e1 Macri. \u201cA la reuni\u00f3n en Rosada van a ir Jorge (Macri), Rogelio (Frigerio) y Nacho (Torres). Y a la tarde ellos estar\u00e1n en el acto de Mauricio\u201d, se\u00f1alaron cerca de uno de los mandatarios. Y en el entorno de Macri subrayaron: \u201cNo es una competencia de fotos. No tiene que ver una cosa con la otra\u201d.<\/p>\n\n\n\n<p><strong>Las cajas previsionales<\/strong><\/p>\n\n\n\n<p>Los gobernadores vienen reclamando desde hace meses atr\u00e1s, por los giros de la Anses a los sistemas previsionales provinciales no transferidos. Entre las cajas afectadas se encuentran las de Santa Fe, Chaco, Chubut, Corrientes y Entre R\u00edos.<\/p>\n\n\n\n<p>Lo que pretenden los gobernadores que tienen cajas de jubilaciones no transferidas -son 13 en total- es que se anule el decreto promulgado a fines de marzo, que elimin\u00f3 los giros que la Anses realizaba para cubrir el rojo de las cajas provinciales. Francos siempre le transmiti\u00f3 a los gobernadores que el dinero ser\u00eda restituido una vez que culminaran una serie de auditor\u00edas en marcha, para determinar el monto a transferir. Pero las partidas nunca se repusieron.<\/p>\n\n\n\n<p>Los gobernadores creen que dieron suficientes muestras de apoyo pol\u00edtico a los proyectos que emanaron del Poder Ejecutivo, y ahora esperan que se destraben partidas desde Naci\u00f3n.<\/p>\n","protected":false},"excerpt":{"rendered":"<p>La relaci&oacute;n entre el Gobierno y los aliados pol&iacute;ticos se pone a prueba nuevamente este jueves, cuando el jefe de Gabinete, Guillermo Francos, reciba en la Casa Rosada a los gobernadores de Juntos por el Cambio. Tras el despido de funcionarios del mismo espacio de las direcciones provinciales de la Direcci&oacute;n Nacional de Vialidad. Y [&hellip;]<\/p>\n","protected":false},"author":2,"featured_media":5311,"comment_status":"open","ping_status":"open","sticky":false,"template":"","format":"standard","meta":{"footnotes":""},"categories":[5,176],"tags":[1023,329,2194,373],"class_list":["post-5310","post","type-post","status-publish","format-standard","has-post-thumbnail","hentry","category-nacionales","category-politica","tag-gobernadores","tag-guillermo-francos","tag-juntos-por-el-cambio","tag-reunion"],"_links":{"self":[{"href":"https:\/\/partediario.com.ar\/index.php?rest_route=\/wp\/v2\/posts\/5310","targetHints":{"allow":["GET"]}}],"collection":[{"href":"https:\/\/partediario.com.ar\/index.php?rest_route=\/wp\/v2\/posts"}],"about":[{"href":"https:\/\/partediario.com.ar\/index.php?rest_route=\/wp\/v2\/types\/post"}],"author":[{"embeddable":true,"href":"https:\/\/partediario.com.ar\/index.php?rest_route=\/wp\/v2\/users\/2"}],"replies":[{"embeddable":true,"href":"https:\/\/partediario.com.ar\/index.php?rest_route=%2Fwp%2Fv2%2Fcomments&post=5310"}],"version-history":[{"count":1,"href":"https:\/\/partediario.com.ar\/index.php?rest_route=\/wp\/v2\/posts\/5310\/revisions"}],"predecessor-version":[{"id":5312,"href":"https:\/\/partediario.com.ar\/index.php?rest_route=\/wp\/v2\/posts\/5310\/revisions\/5312"}],"wp:featuredmedia":[{"embeddable":true,"href":"https:\/\/partediario.com.ar\/index.php?rest_route=\/wp\/v2\/media\/5311"}],"wp:attachment":[{"href":"https:\/\/partediario.com.ar\/index.php?rest_route=%2Fwp%2Fv2%2Fmedia&parent=5310"}],"wp:term":[{"taxonomy":"category","embeddable":true,"href":"https:\/\/partediario.com.ar\/index.php?rest_route=%2Fwp%2Fv2%2Fcategories&post=5310"},{"taxonomy":"post_tag","embeddable":true,"href":"https:\/\/partediario.com.ar\/index.php?rest_route=%2Fwp%2Fv2%2Ftags&post=5310"}],"curies":[{"name":"wp","href":"https:\/\/api.w.org\/{rel}","templated":true}]}}