{"id":5316,"date":"2024-08-01T12:22:09","date_gmt":"2024-08-01T15:22:09","guid":{"rendered":"https:\/\/partediario.com.ar\/?p=5316"},"modified":"2024-08-01T12:22:14","modified_gmt":"2024-08-01T15:22:14","slug":"la-oea-solicitara-la-orden-de-captura-de-nicolas-maduro-prometio-bano-de-sangre-y-lo-esta-cumpliendo-senalaron","status":"publish","type":"post","link":"https:\/\/partediario.com.ar\/?p=5316","title":{"rendered":"La OEA solicitar\u00e1 la orden de captura de Nicol\u00e1s Maduro: \u201cPrometi\u00f3 ba\u00f1o de sangre y lo est\u00e1 cumpliendo\u201d, se\u00f1alaron"},"content":{"rendered":"\n<p><strong>\u00abMe impresion\u00f3 cuando lo dijo, pero me impresiona mucho m\u00e1s cuando lo est\u00e1 haciendo\u201d, afirm\u00f3 Luis Almagro, secretario General de la OEA.<\/strong><\/p>\n\n\n\n<p>El secretario general de la Organizaci\u00f3n de los Estados Americanos (OEA), Luis Almagro, confirm\u00f3 este mi\u00e9rcoles que solicitar\u00e1 a la Corte Penal Internacional (CPI), con sede en la Haya, que ordene el arresto del presidente de Venezuela, Nicol\u00e1s Maduro, a quien acus\u00f3 de haber cometido un \u201cba\u00f1o de sangre\u201d contra los manifestantes tras las elecciones del pasado domingo.<\/p>\n\n\n\n<p><\/p>\n\n\n\n<blockquote class=\"twitter-tweet\" data-media-max-width=\"560\"><p lang=\"es\" dir=\"ltr\">Maduro prometi\u00f3 un ba\u00f1o de sangre, y nos indign\u00f3 o\u00edrlo y m\u00e1s nos indigna ahora que lo est\u00e1 haciendo. Hay premeditaci\u00f3n, alevos\u00eda, impulso brutal ferocidad, ventaja superior. Es el momento de presentar cargos de imputaci\u00f3n y orden de captura por parte de la Corte Penal\u2026 <a href=\"https:\/\/t.co\/lUrq3KWDE1\">pic.twitter.com\/lUrq3KWDE1<\/a><\/p>&mdash; Luis Almagro (@Almagro_OEA2015) <a href=\"https:\/\/twitter.com\/Almagro_OEA2015\/status\/1818831311580135551?ref_src=twsrc%5Etfw\">August 1, 2024<\/a><\/blockquote> <script async src=\"https:\/\/platform.twitter.com\/widgets.js\" charset=\"utf-8\"><\/script>\n\n\n\n<p><\/p>\n\n\n\n<p>\u201cMaduro prometi\u00f3 un ba\u00f1o de sangre y lo est\u00e1 cumpliendo\u201d, asegur\u00f3 el pol\u00edtico uruguayo a trav\u00e9s de la red social X, haciendo referencia a los 17 manifestantes muertos en las protestas en contra del Gobierno venezolano tras las elecciones del domingo.<\/p>\n\n\n\n<p>\u201cEs hora de la Justicia y nosotros vamos a solicitar la imputaci\u00f3n de cargos con orden de aprehensi\u00f3n\u201d, destac\u00f3 Almagro durante una sesi\u00f3n extraordinaria del Consejo Permanente de la OEA celebrada en Washington, en la que invit\u00f3 a los Estados miembros a sumarse a la petici\u00f3n.<\/p>\n\n\n\n<p>El secretario general dijo que \u201cteniendo en cuenta\u201d la investigaci\u00f3n que realiza la Fiscal\u00eda de la CPI sobre presuntos cr\u00edmenes de lesa humanidad cometidos en Venezuela desde 2014, ha llegado \u201cel momento de presentar cargos de imputaci\u00f3n contra aquellos m\u00e1s responsables, incluyendo a Maduro\u201d.<\/p>\n\n\n\n<p>Seg\u00fan los dichos de Almagro, el presidente venezolano se ha encargado de dirigir la instrucci\u00f3n de la implementaci\u00f3n de la represi\u00f3n\u201d contra el pueblo venezolano.<\/p>\n\n\n\n<p>Maduro dijo antes de los comicios, durante un acto electoral, que Venezuela podr\u00eda caer en un \u201cba\u00f1o de sangre, en una guerra civil\u201d si \u00e9l no ganaba las elecciones. \u201cFue algo que impresion\u00f3 cuando lo dijo, pero me impresiona mucho m\u00e1s cuando lo est\u00e1 haciendo\u201d, apunt\u00f3 Almagro.<\/p>\n","protected":false},"excerpt":{"rendered":"<p>&laquo;Me impresion&oacute; cuando lo dijo, pero me impresiona mucho m&aacute;s cuando lo est&aacute; haciendo&rdquo;, afirm&oacute; Luis Almagro, secretario General de la OEA. El secretario general de la Organizaci&oacute;n de los Estados Americanos (OEA), Luis Almagro, confirm&oacute; este mi&eacute;rcoles que solicitar&aacute; a la Corte Penal Internacional (CPI), con sede en la Haya, que ordene el arresto [&hellip;]<\/p>\n","protected":false},"author":2,"featured_media":5317,"comment_status":"open","ping_status":"open","sticky":false,"template":"","format":"standard","meta":{"footnotes":""},"categories":[9,176],"tags":[2196,2195,1564,913,2053,1339],"class_list":["post-5316","post","type-post","status-publish","format-standard","has-post-thumbnail","hentry","category-internacionales","category-politica","tag-captura","tag-luis-almagro","tag-nicolas-maduro","tag-oea","tag-pedido","tag-venezuela"],"_links":{"self":[{"href":"https:\/\/partediario.com.ar\/index.php?rest_route=\/wp\/v2\/posts\/5316","targetHints":{"allow":["GET"]}}],"collection":[{"href":"https:\/\/partediario.com.ar\/index.php?rest_route=\/wp\/v2\/posts"}],"about":[{"href":"https:\/\/partediario.com.ar\/index.php?rest_route=\/wp\/v2\/types\/post"}],"author":[{"embeddable":true,"href":"https:\/\/partediario.com.ar\/index.php?rest_route=\/wp\/v2\/users\/2"}],"replies":[{"embeddable":true,"href":"https:\/\/partediario.com.ar\/index.php?rest_route=%2Fwp%2Fv2%2Fcomments&post=5316"}],"version-history":[{"count":1,"href":"https:\/\/partediario.com.ar\/index.php?rest_route=\/wp\/v2\/posts\/5316\/revisions"}],"predecessor-version":[{"id":5318,"href":"https:\/\/partediario.com.ar\/index.php?rest_route=\/wp\/v2\/posts\/5316\/revisions\/5318"}],"wp:featuredmedia":[{"embeddable":true,"href":"https:\/\/partediario.com.ar\/index.php?rest_route=\/wp\/v2\/media\/5317"}],"wp:attachment":[{"href":"https:\/\/partediario.com.ar\/index.php?rest_route=%2Fwp%2Fv2%2Fmedia&parent=5316"}],"wp:term":[{"taxonomy":"category","embeddable":true,"href":"https:\/\/partediario.com.ar\/index.php?rest_route=%2Fwp%2Fv2%2Fcategories&post=5316"},{"taxonomy":"post_tag","embeddable":true,"href":"https:\/\/partediario.com.ar\/index.php?rest_route=%2Fwp%2Fv2%2Ftags&post=5316"}],"curies":[{"name":"wp","href":"https:\/\/api.w.org\/{rel}","templated":true}]}}