{"id":5320,"date":"2024-08-01T16:20:56","date_gmt":"2024-08-01T19:20:56","guid":{"rendered":"https:\/\/partediario.com.ar\/?p=5320"},"modified":"2024-08-01T16:35:18","modified_gmt":"2024-08-01T19:35:18","slug":"desaparicion-de-enrique-fabiani-su-hijo-dijo-que-la-familia-esta-destruida","status":"publish","type":"post","link":"https:\/\/partediario.com.ar\/?p=5320","title":{"rendered":"Desaparici\u00f3n de Enrique Fabiani, su hijo dijo que la familia est\u00e1 \u201cdestruida\u201d"},"content":{"rendered":"\n<p><strong>Germ\u00e1n Fabiani estuvo este jueves en Tribunales de Paran\u00e1 junto a su abogado, Rub\u00e9n Pagliotto, con la esperanza de que el procurador de la provincia, Jorge Garc\u00eda, los atienda.<\/strong><\/p>\n\n\n\n<p>A casi 60 d\u00edas de la desaparici\u00f3n de Enrique Fabiani, que fue visto por \u00faltima vez el 4 de junio en un campo en Entre R\u00edos, en La Estancia La Criolla, en el distrito Mojones Sud Segunda, del departamento Villaguay, propiedad de Julio Lodi, no se tuvieron m\u00e1s noticias sobre su paradero. El \u00fanico indicio, del que la familia plante\u00f3 sus dudas respecto a las circunstancias en que fue hallado, es un cartucho del que se tiene certeza que fue disparado por la escopeta que llevaba Enrique el d\u00eda de su desaparici\u00f3n. S\u00f3lo eso, porque el cartucho fue encontrado por un vidente en un rastrillaje que se llev\u00f3 a cabo en el campo de Julio Lodi, la persona que vio a Enrique con vida por \u00faltima vez. El vidente manifest\u00f3 que lo llev\u00f3 la Polic\u00eda al rastrillaje y desde la fuerza sostienen que fue por su propia voluntad.<\/p>\n\n\n\n<p>Germ\u00e1n Fabiani lament\u00f3 el momento que est\u00e1 atravesando su familia: \u201cEstuve hasta el martes en Santa Clara (N de la R: localidad de Santa Fe de donde es oriundo Enrique Fabiani), la verdad es que est\u00e1 destruida. Ver a mi vieja llorando cuando me desped\u00eda, eso me parte por la mitad. Cuando llegu\u00e9 de Santa Fe tuve una comunicaci\u00f3n con Rub\u00e9n y me quebr\u00e9 porque no tolero esta situaci\u00f3n\u201d. Adem\u00e1s se\u00f1al\u00f3 que \u201cobvio que tengo mis hermanas que tienen crisis de llanto, pero me parece que vamos a tener que aprender a vivir\u201d, dijo.<\/p>\n\n\n\n<p><strong>Sobre las investigaciones<\/strong><\/p>\n\n\n\n<p>Respecto del pedido para que Gendarmer\u00eda asuma la investigaci\u00f3n, el hombre aclar\u00f3 que \u201cfue un pedido, pero no estamos desconformes con la gente de Investigaciones, el equipo de \u00c1ngel Ricle (N de la R: jefe de la Direcci\u00f3n Investigaciones de la Polic\u00eda de Entre R\u00edos), est\u00e1n haciendo un trabajo muy bueno y quiero explicar que cuando decimos que investiguen a la Polic\u00eda, es a parte de la fuerza, hago referencia a Abigeato\u201d.<\/p>\n\n\n\n<p>Asimismo explic\u00f3: \u201cCuando decimos que no investiguen no es porque se nos cruzaron por delante y decimos \u2018invest\u00edguenlos a ellos\u2019, es porque hubo irregularidades, como adulteraci\u00f3n del libro de Guardias que es un libro p\u00fablico que me enter\u00e9 que es un delito. Despu\u00e9s hubo mentiras, el personal de la guardia que fui a visitarlo me minti\u00f3 a m\u00ed, a mi esposa y a una amiga. Son cosas que si ellos no tienen que ver, pero si lo tienen \u00bfpor qu\u00e9 est\u00e1n mintiendo?\u201d.<\/p>\n\n\n\n<p>Consultado sobre las expectativas que abrigaba de ser recibido por el jefe de los fiscales, Fabiani expres\u00f3: \u201cPrimero espero que nos reciba y como dice Rub\u00e9n, saber si recibi\u00f3 las cinco notificaciones que le hizo para pedirle, porque hay que entender que ocurren muchas cosas en la provincia y hay muchos casos, un tiempito exclusividad al fiscal para este caso que se est\u00e1 estirando mucho, pero no es que queremos hasta que se resuelva el problema, ahora que necesitamos avances r\u00e1pidos queremos que tenga la exclusividad para que se tomen las decisiones r\u00e1pido\u201d.<\/p>\n\n\n\n<p>Por su parte Pagliotto se\u00f1al\u00f3 que el motivo de la presencia junto a su asistido en los Tribunales de Paran\u00e1 obedeci\u00f3 a una cuesti\u00f3n sencilla: \u201cEs muy simple, ante cinco o seis pedidos nunca respondidos por s\u00ed o por no por el se\u00f1or procurador general de la provincia, doctor Jorge Garc\u00eda, se nos ocurri\u00f3 a Germ\u00e1n Fabiani, el hijo de Enrique Fabiani la personas desaparecida, y a m\u00ed, que a lo mejor -lo digo ir\u00f3nicamente-, hay alg\u00fan problema de conectividad o de confusi\u00f3n y ninguno de los correos que le mand\u00e9 a ninguna de las direcciones de correo que me informaron que tiene el procurador, quiz\u00e1s no le han llegado\u201d.<\/p>\n\n\n\n<p>El letrado querellante dijo que \u201centonces venimos directamente, seguramente a esta hora debe estar en su despacho, a pedir que nos reciba \u00e9l para imponerlo de la situaci\u00f3n, plantearle algunas dudas y hacerle algunos requerimientos concretos por algunas falencias que estamos advirtiendo en la investigaci\u00f3n, sin imputar a nadie, esto no es una guerra contra la Polic\u00eda ni contra la Justicia, para nada, simplemente como somos seres humanos perfectibles y no perfectos queremos pedir y exigir algunas correcciones a tiempo porque hoy han paso casi 60 d\u00edas y de la suerte de Enrique Fabiani no se sabe absolutamente nada\u201d, concluy\u00f3.<\/p>\n","protected":false},"excerpt":{"rendered":"<p>Germ&aacute;n Fabiani estuvo este jueves en Tribunales de Paran&aacute; junto a su abogado, Rub&eacute;n Pagliotto, con la esperanza de que el procurador de la provincia, Jorge Garc&iacute;a, los atienda. A casi 60 d&iacute;as de la desaparici&oacute;n de Enrique Fabiani, que fue visto por &uacute;ltima vez el 4 de junio en un campo en Entre R&iacute;os, [&hellip;]<\/p>\n","protected":false},"author":2,"featured_media":5321,"comment_status":"open","ping_status":"open","sticky":false,"template":"","format":"standard","meta":{"footnotes":""},"categories":[979,7,8],"tags":[546,2197,2200,2199,2198],"class_list":["post-5320","post","type-post","status-publish","format-standard","has-post-thumbnail","hentry","category-judiciales","category-policiales","category-provinciales","tag-enrique-fabiani","tag-german-fabiani","tag-jorge-amilcar-garcia","tag-juan-lodi","tag-ruben-pagliotto"],"_links":{"self":[{"href":"https:\/\/partediario.com.ar\/index.php?rest_route=\/wp\/v2\/posts\/5320","targetHints":{"allow":["GET"]}}],"collection":[{"href":"https:\/\/partediario.com.ar\/index.php?rest_route=\/wp\/v2\/posts"}],"about":[{"href":"https:\/\/partediario.com.ar\/index.php?rest_route=\/wp\/v2\/types\/post"}],"author":[{"embeddable":true,"href":"https:\/\/partediario.com.ar\/index.php?rest_route=\/wp\/v2\/users\/2"}],"replies":[{"embeddable":true,"href":"https:\/\/partediario.com.ar\/index.php?rest_route=%2Fwp%2Fv2%2Fcomments&post=5320"}],"version-history":[{"count":1,"href":"https:\/\/partediario.com.ar\/index.php?rest_route=\/wp\/v2\/posts\/5320\/revisions"}],"predecessor-version":[{"id":5322,"href":"https:\/\/partediario.com.ar\/index.php?rest_route=\/wp\/v2\/posts\/5320\/revisions\/5322"}],"wp:featuredmedia":[{"embeddable":true,"href":"https:\/\/partediario.com.ar\/index.php?rest_route=\/wp\/v2\/media\/5321"}],"wp:attachment":[{"href":"https:\/\/partediario.com.ar\/index.php?rest_route=%2Fwp%2Fv2%2Fmedia&parent=5320"}],"wp:term":[{"taxonomy":"category","embeddable":true,"href":"https:\/\/partediario.com.ar\/index.php?rest_route=%2Fwp%2Fv2%2Fcategories&post=5320"},{"taxonomy":"post_tag","embeddable":true,"href":"https:\/\/partediario.com.ar\/index.php?rest_route=%2Fwp%2Fv2%2Ftags&post=5320"}],"curies":[{"name":"wp","href":"https:\/\/api.w.org\/{rel}","templated":true}]}}