{"id":5363,"date":"2024-08-02T11:56:48","date_gmt":"2024-08-02T14:56:48","guid":{"rendered":"https:\/\/partediario.com.ar\/?p=5363"},"modified":"2024-08-02T11:56:49","modified_gmt":"2024-08-02T14:56:49","slug":"piqueteros-cortan-al-menos-cuatro-autopistas-exigiendo-la-liberacion-de-detenidos","status":"publish","type":"post","link":"https:\/\/partediario.com.ar\/?p=5363","title":{"rendered":"Piqueteros cortan al menos cuatro autopistas exigiendo la liberaci\u00f3n de detenidos"},"content":{"rendered":"\n<p><strong>Interrumpen el tr\u00e1nsito y se agudiza la tensi\u00f3n porque se aguarda que el Ministerio de Seguridad despliegue el protocolo antipiquetes.<\/strong><\/p>\n\n\n\n<p>Piqueteros llevan a cabo cortes de ruta en distintas autopistas. Pasadas las 11 se reportaron cortes en las autopistas La Plata &#8211; Buenos Aires, del Oeste, Camino Negro, Ruta 3 y las v\u00edas en La Matanza. La intenci\u00f3n es llegar a las 13 al Obelisco y crece la tensi\u00f3n porque se espera que el Ministerio de Seguridad despliegue el operativo antipiquetes.<\/p>\n\n\n\n<p>En el reclamo hay organizaciones sociales que exigen la liberaci\u00f3n de Daniela Calarca y Roberto de la Cruz, las dos personas que contin\u00faan detenidas desde el 12 de junio por las manifestaciones en las afueras del Congreso contra la sanci\u00f3n de la Ley Bases.<\/p>\n\n\n\n<p>\u00abHace 50 d\u00edas que el gobierno de (Javier) Milei tiene encerrados a dos militantes populares por participar de una movilizaci\u00f3n. Hoy se cumplen 50 d\u00edas desde que las fuerzas represivas de Patricia Bullrich realizar\u00e1n una cacer\u00eda humana el 12 de junio pasado y detuviera a 33 manifestantes que protestaban contra la ley de Bases del gobierno, la totalidad de ellos, cazados a varias cuadras de los incidentes que se produjeron frente al parlamento\u00bb, expresaron los piqueteros en un comunicado.<\/p>\n\n\n\n<p><\/p>\n\n\n\n<figure class=\"wp-block-image size-full\"><img loading=\"lazy\" decoding=\"async\" width=\"900\" height=\"600\" src=\"https:\/\/partediario.com.ar\/wp-content\/uploads\/l_1680705731.jpeg\" alt=\"\" class=\"wp-image-5364\" srcset=\"https:\/\/partediario.com.ar\/wp-content\/uploads\/l_1680705731.jpeg 900w, https:\/\/partediario.com.ar\/wp-content\/uploads\/l_1680705731-300x200.jpeg 300w, https:\/\/partediario.com.ar\/wp-content\/uploads\/l_1680705731-768x512.jpeg 768w\" sizes=\"auto, (max-width: 900px) 100vw, 900px\" \/><\/figure>\n\n\n\n<p><\/p>\n\n\n\n<p>Y agregaron: \u00abLa totalidad de los detenidos fueron acusados originalmente por sedici\u00f3n, e intento de golpe de Estado, una acusaci\u00f3n absurda que no pudieron sostener, y fueron liberando a casi todos luego de varios d\u00edas, pero que sirvi\u00f3 para que todos sigan procesados y que Daniela Calarco, dirigente del MTR Votamos Luchar por el Cambio Social y Roberto de la Cruz, est\u00e9n encerrados desde hace 50 d\u00edas en Ezeiza, bajo el pretexto de que podr\u00edan entorpecer la causa\u00bb.<\/p>\n\n\n\n<p>Por otro lado, los movimientos agrupados en Unidad de Lucha Piquetera destacaron que \u00abel Gobierno lanz\u00f3 el 20 de diciembre una campa\u00f1a contra las organizaciones sociales para criminalizarlas, estigmatizarlas y perseguirlas\u00bb y que detr\u00e1s hay una \u00abpol\u00edtica de criminalizaci\u00f3n\u00bb que \u00abha producido casi 100 allanamientos a comedores populares que incluyen a un amplio arco de organizaciones, en apenas dos meses y el procesamiento de 15 compa\u00f1eros totalmente arbitrario\u00bb.<\/p>\n","protected":false},"excerpt":{"rendered":"<p>Interrumpen el tr&aacute;nsito y se agudiza la tensi&oacute;n porque se aguarda que el Ministerio de Seguridad despliegue el protocolo antipiquetes. Piqueteros llevan a cabo cortes de ruta en distintas autopistas. Pasadas las 11 se reportaron cortes en las autopistas La Plata &ndash; Buenos Aires, del Oeste, Camino Negro, Ruta 3 y las v&iacute;as en La [&hellip;]<\/p>\n","protected":false},"author":2,"featured_media":5365,"comment_status":"open","ping_status":"open","sticky":false,"template":"","format":"standard","meta":{"footnotes":""},"categories":[5,7,176],"tags":[2231,721,2229,2228],"class_list":["post-5363","post","type-post","status-publish","format-standard","has-post-thumbnail","hentry","category-nacionales","category-policiales","category-politica","tag-4-autopistas","tag-buenos-aires","tag-cortan","tag-piqueteros"],"_links":{"self":[{"href":"https:\/\/partediario.com.ar\/index.php?rest_route=\/wp\/v2\/posts\/5363","targetHints":{"allow":["GET"]}}],"collection":[{"href":"https:\/\/partediario.com.ar\/index.php?rest_route=\/wp\/v2\/posts"}],"about":[{"href":"https:\/\/partediario.com.ar\/index.php?rest_route=\/wp\/v2\/types\/post"}],"author":[{"embeddable":true,"href":"https:\/\/partediario.com.ar\/index.php?rest_route=\/wp\/v2\/users\/2"}],"replies":[{"embeddable":true,"href":"https:\/\/partediario.com.ar\/index.php?rest_route=%2Fwp%2Fv2%2Fcomments&post=5363"}],"version-history":[{"count":1,"href":"https:\/\/partediario.com.ar\/index.php?rest_route=\/wp\/v2\/posts\/5363\/revisions"}],"predecessor-version":[{"id":5366,"href":"https:\/\/partediario.com.ar\/index.php?rest_route=\/wp\/v2\/posts\/5363\/revisions\/5366"}],"wp:featuredmedia":[{"embeddable":true,"href":"https:\/\/partediario.com.ar\/index.php?rest_route=\/wp\/v2\/media\/5365"}],"wp:attachment":[{"href":"https:\/\/partediario.com.ar\/index.php?rest_route=%2Fwp%2Fv2%2Fmedia&parent=5363"}],"wp:term":[{"taxonomy":"category","embeddable":true,"href":"https:\/\/partediario.com.ar\/index.php?rest_route=%2Fwp%2Fv2%2Fcategories&post=5363"},{"taxonomy":"post_tag","embeddable":true,"href":"https:\/\/partediario.com.ar\/index.php?rest_route=%2Fwp%2Fv2%2Ftags&post=5363"}],"curies":[{"name":"wp","href":"https:\/\/api.w.org\/{rel}","templated":true}]}}